{"id":630418,"date":"2025-12-30T18:32:10","date_gmt":"2025-12-30T18:32:10","guid":{"rendered":"https:\/\/www.europesays.com\/fr\/630418\/"},"modified":"2025-12-30T18:32:10","modified_gmt":"2025-12-30T18:32:10","slug":"malgre-sa-tentative-de-passer-sous-les-radars-une-mule-stoppee-par-les-douanes-pres-de-lyon","status":"publish","type":"post","link":"https:\/\/www.europesays.com\/fr\/630418\/","title":{"rendered":"Malgr\u00e9 sa tentative de passer sous les radars, une mule stopp\u00e9e par les douanes pr\u00e8s de Lyon"},"content":{"rendered":"<p itemprop=\"description\"><strong>Son comportement a suffi \u00e0 \u00e9veiller les soup\u00e7ons.<\/strong><\/p>\n<p>Le 22 d\u00e9cembre dernier, en fin d\u2019apr\u00e8s-midi, les douanes de Saint-\u00c9tienne interceptent un car de la compagnie Flixbus \u00e0 la barri\u00e8re de p\u00e9age de Villefranche\/Limas, dans le Rh\u00f4ne. \u00c0 bord, un passager attire rapidement l\u2019attention des agents par son comportement jug\u00e9 suspect.<\/p>\n<p>Soumis \u00e0 un d\u00e9pistage, l\u2019homme pr\u00e9sente un test urinaire positif aux stup\u00e9fiants. Il est alors conduit \u00e0 l\u2019h\u00f4pital afin de proc\u00e9der \u00e0 des examens m\u00e9dicaux compl\u00e9mentaires. Les v\u00e9rifications confirment les soup\u00e7ons des douaniers : une cinquantaine d\u2019ovules de coca\u00efne sont extraits de son corps, pour un poids total de 620g, rapporte Le Progr\u00e8s.<\/p>\n<p>Le passager, de nationalit\u00e9 nig\u00e9riane et \u00e2g\u00e9 de 41 ans, est imm\u00e9diatement plac\u00e9 en retenue douani\u00e8re, puis en garde \u00e0 vue. Il est ensuite poursuivi pour importation et transport de stup\u00e9fiants. \u00c0 l\u2019audience, lundi 29 d\u00e9cembre, devant le tribunal judiciaire de Villefranche-sur-Sa\u00f4ne, l\u2019homme reconna\u00eet avoir servi de mule sur un trajet entre Paris et l\u2019Italie, o\u00f9 il r\u00e9side.<\/p>\n<p>Au fil de la proc\u00e9dure, sa version des faits \u00e9volue, notamment sur les conditions dans lesquelles il affirme avoir ing\u00e9r\u00e9 les ovules. Le tribunal n\u2019a toutefois pas retenu cet argument pour \u00e9carter sa responsabilit\u00e9 p\u00e9nale.<\/p>\n<p>Le pr\u00e9venu a \u00e9t\u00e9 condamn\u00e9 \u00e0 deux ans de prison ferme, avec maintien en d\u00e9tention. Le tribunal a \u00e9galement prononc\u00e9 une interdiction du territoire fran\u00e7ais pendant cinq ans, assortie d\u2019une amende douani\u00e8re de 33 930 euros.<\/p>\n","protected":false},"excerpt":{"rendered":"Son comportement a suffi \u00e0 \u00e9veiller les soup\u00e7ons. Le 22 d\u00e9cembre dernier, en fin d\u2019apr\u00e8s-midi, les douanes de&hellip;\n","protected":false},"author":2,"featured_media":630419,"comment_status":"","ping_status":"","sticky":false,"template":"","format":"standard","meta":{"footnotes":""},"categories":[1889],"tags":[1111,11,2813,2190,2430,1109,251,1112,2811,1777,674,118,1011,27,1922,1110,1114,2428,2810,12,241,316,25,2812,517,800],"class_list":{"0":"post-630418","1":"post","2":"type-post","3":"status-publish","4":"format-standard","5":"has-post-thumbnail","7":"category-lyon","8":"tag-actu","9":"tag-actualites","10":"tag-article","11":"tag-asvel","12":"tag-auvergne-rhone-alpes","13":"tag-breves","14":"tag-culture","15":"tag-depeches","16":"tag-economique","17":"tag-eu","18":"tag-europe","19":"tag-faits-divers","20":"tag-fr","21":"tag-france","22":"tag-info","23":"tag-informations","24":"tag-infos","25":"tag-lyon","26":"tag-lyonmag","27":"tag-news","28":"tag-ol","29":"tag-politique","30":"tag-republique-francaise","31":"tag-sociale","32":"tag-sport","33":"tag-transports"},"share_on_mastodon":{"url":"https:\/\/pubeurope.com\/@fr\/115809952992645584","error":""},"_links":{"self":[{"href":"https:\/\/www.europesays.com\/fr\/wp-json\/wp\/v2\/posts\/630418","targetHints":{"allow":["GET"]}}],"collection":[{"href":"https:\/\/www.europesays.com\/fr\/wp-json\/wp\/v2\/posts"}],"about":[{"href":"https:\/\/www.europesays.com\/fr\/wp-json\/wp\/v2\/types\/post"}],"author":[{"embeddable":true,"href":"https:\/\/www.europesays.com\/fr\/wp-json\/wp\/v2\/users\/2"}],"replies":[{"embeddable":true,"href":"https:\/\/www.europesays.com\/fr\/wp-json\/wp\/v2\/comments?post=630418"}],"version-history":[{"count":0,"href":"https:\/\/www.europesays.com\/fr\/wp-json\/wp\/v2\/posts\/630418\/revisions"}],"wp:featuredmedia":[{"embeddable":true,"href":"https:\/\/www.europesays.com\/fr\/wp-json\/wp\/v2\/media\/630419"}],"wp:attachment":[{"href":"https:\/\/www.europesays.com\/fr\/wp-json\/wp\/v2\/media?parent=630418"}],"wp:term":[{"taxonomy":"category","embeddable":true,"href":"https:\/\/www.europesays.com\/fr\/wp-json\/wp\/v2\/categories?post=630418"},{"taxonomy":"post_tag","embeddable":true,"href":"https:\/\/www.europesays.com\/fr\/wp-json\/wp\/v2\/tags?post=630418"}],"curies":[{"name":"wp","href":"https:\/\/api.w.org\/{rel}","templated":true}]}}