{"id":630424,"date":"2025-12-30T18:36:11","date_gmt":"2025-12-30T18:36:11","guid":{"rendered":"https:\/\/www.europesays.com\/fr\/630424\/"},"modified":"2025-12-30T18:36:11","modified_gmt":"2025-12-30T18:36:11","slug":"paris-les-lucratifs-gang-bangs-du-xve-delocalises-a-bagnolet-pres-dune-ecole","status":"publish","type":"post","link":"https:\/\/www.europesays.com\/fr\/630424\/","title":{"rendered":"Paris\u00a0: les lucratifs gang bangs du XVe d\u00e9localis\u00e9s \u00e0 Bagnolet pr\u00e8s d\u2019une \u00e9cole"},"content":{"rendered":"<p class=\"\">En banlieue d\u00e9sormais, ces \u00e9v\u00e9nements qui consistent \u00e0 placer une femme au centre des attentions de plusieurs hommes moyennant 80\u00a0euros l\u2019entr\u00e9e, se poursuivent donc \u00e0 un rythme effr\u00e9n\u00e9. Ils ont lieu rue Jules-Ferry \u00e0 Bagnolet dans des locaux servant jusque-l\u00e0 plut\u00f4t de showroom. Et situ\u00e9s \u00e0 50\u00a0m d\u2019une \u00e9cole \u00e9l\u00e9mentaire et de plusieurs associations culturelles.<\/p>\n","protected":false},"excerpt":{"rendered":"En banlieue d\u00e9sormais, ces \u00e9v\u00e9nements qui consistent \u00e0 placer une femme au centre des attentions de plusieurs hommes&hellip;\n","protected":false},"author":2,"featured_media":630425,"comment_status":"","ping_status":"","sticky":false,"template":"","format":"standard","meta":{"footnotes":""},"categories":[1888],"tags":[1111,1928,11,1927,1777,674,1011,27,1944,12,1926,626,1925,25,104],"class_list":{"0":"post-630424","1":"post","2":"type-post","3":"status-publish","4":"format-standard","5":"has-post-thumbnail","7":"category-paris","8":"tag-actu","9":"tag-actu-paris","10":"tag-actualites","11":"tag-actualites-paris","12":"tag-eu","13":"tag-europe","14":"tag-fr","15":"tag-france","16":"tag-ma-ville","17":"tag-news","18":"tag-news-paris","19":"tag-paris","20":"tag-paris-news","21":"tag-republique-francaise","22":"tag-societe"},"share_on_mastodon":{"url":"https:\/\/pubeurope.com\/@fr\/115809968631967822","error":""},"_links":{"self":[{"href":"https:\/\/www.europesays.com\/fr\/wp-json\/wp\/v2\/posts\/630424","targetHints":{"allow":["GET"]}}],"collection":[{"href":"https:\/\/www.europesays.com\/fr\/wp-json\/wp\/v2\/posts"}],"about":[{"href":"https:\/\/www.europesays.com\/fr\/wp-json\/wp\/v2\/types\/post"}],"author":[{"embeddable":true,"href":"https:\/\/www.europesays.com\/fr\/wp-json\/wp\/v2\/users\/2"}],"replies":[{"embeddable":true,"href":"https:\/\/www.europesays.com\/fr\/wp-json\/wp\/v2\/comments?post=630424"}],"version-history":[{"count":0,"href":"https:\/\/www.europesays.com\/fr\/wp-json\/wp\/v2\/posts\/630424\/revisions"}],"wp:featuredmedia":[{"embeddable":true,"href":"https:\/\/www.europesays.com\/fr\/wp-json\/wp\/v2\/media\/630425"}],"wp:attachment":[{"href":"https:\/\/www.europesays.com\/fr\/wp-json\/wp\/v2\/media?parent=630424"}],"wp:term":[{"taxonomy":"category","embeddable":true,"href":"https:\/\/www.europesays.com\/fr\/wp-json\/wp\/v2\/categories?post=630424"},{"taxonomy":"post_tag","embeddable":true,"href":"https:\/\/www.europesays.com\/fr\/wp-json\/wp\/v2\/tags?post=630424"}],"curies":[{"name":"wp","href":"https:\/\/api.w.org\/{rel}","templated":true}]}}