{"id":630428,"date":"2025-12-30T18:40:13","date_gmt":"2025-12-30T18:40:13","guid":{"rendered":"https:\/\/www.europesays.com\/fr\/630428\/"},"modified":"2025-12-30T18:40:13","modified_gmt":"2025-12-30T18:40:13","slug":"la-nouvelle-chocolaterie-de-cedric-grolet-cambriolee-a-paris-plus-de-20-000-euros-en-liquide-volatilises","status":"publish","type":"post","link":"https:\/\/www.europesays.com\/fr\/630428\/","title":{"rendered":"La nouvelle chocolaterie de C\u00e9dric Grolet cambriol\u00e9e \u00e0 Paris, plus de 20 000\u00a0euros en liquide volatilis\u00e9s"},"content":{"rendered":"<p class=\"lp-f-subtitle-01\">INFO LE PARISIEN. La toute premi\u00e8re chocolaterie du p\u00e2tissier de 40\u00a0ans, situ\u00e9e avenue de l\u2019Op\u00e9ra, \u00e0 Paris (IIe), a \u00e9t\u00e9 la cible d\u2019un vol par effraction. Les cambrioleurs ont mis la main sur le coffre-fort contenant les recettes en liquide des f\u00eates de No\u00ebl.<\/p>\n<p class=\"\">Cascade murale de chocolat, bonbons et fruits secs g\u00e9ants tombant des arbres, comptoirs en forme de petits-beurre\u2026 La toute premi\u00e8re chocolaterie de <a href=\"https:\/\/www.leparisien.fr\/paris-75\/je-suis-arrive-a-5h30-la-frenesie-cedric-grolet-toujours-aussi-forte-pour-louverture-de-son-cafe-07-02-2024-3VPMUNSB6RFUTELGKNM7ZVJ3MY.php\" target=\"_self\" rel=\"noopener\">C\u00e9dric Grolet<\/a>, qui s\u2019inspire de l\u2019univers de Willy Wonka, a ouvert ses portes le 18 octobre dernier, avenue de l\u2019Op\u00e9ra, \u00e0 Paris, \u00e0 deux pas de sa p\u00e2tisserie.<\/p>\n<p class=\"\">Pour l\u2019inauguration de son \u00e9tablissement baptis\u00e9 \u00ab C\u00e9dric et la chocolaterie \u00bb, en hommage \u00e0 l\u2019\u0153uvre de Roald Dahl, le p\u00e2tissier vedette des r\u00e9seaux sociaux \u2014 il cumule 22 millions d\u2019abonn\u00e9s sur Instagram et TikTok \u2014 a r\u00e9ussi un sacr\u00e9 coup marketing. Comme dans \u00ab Charlie et la chocolaterie \u00bb, le chef de 40 ans a attir\u00e9 une myriade d\u2019influenceurs sous la promesse de la d\u00e9couverte de l\u2019un des dix tickets d\u2019or dissimul\u00e9s dans ses tablettes.<\/p>\n<p class=\"\">Mais le chef p\u00e2tissier du Meurice, parfois raill\u00e9 pour ses prix exorbitants, semble avoir aiguis\u00e9 des app\u00e9tits moins bien intentionn\u00e9s.<\/p>\n<p class=\"lp-card-podcast-highlighting__title  lp-f-subtitle-05\">[2\/2] Vengeance et colis pi\u00e9g\u00e9\u00a0: le myst\u00e9rieux attentat de La\u00a0Baule<\/p>\n<p><a class=\"lp-card-podcast-highlighting__call-to-action\" data-page-type=\"HP\" data-block-name=\"podcast-highlight\">\u00c9couter<\/a><\/p>\n<p class=\"\">Selon nos informations, sa chocolaterie a \u00e9t\u00e9 visit\u00e9e dans la nuit de dimanche \u00e0 lundi par une \u00e9quipe de cambrioleurs. Les malfrats se seraient introduits dans l\u2019\u00e9tablissement en passant par une porte vitr\u00e9e, situ\u00e9e dans une rue perpendiculaire \u00e0 celle de son \u00e9tablissement. Ils auraient perfor\u00e9 le barillet de la serrure blind\u00e9e de haute s\u00e9curit\u00e9, vraisemblablement \u00e0 l\u2019aide d\u2019une perceuse.<\/p>\n<p>Cambrioleurs bien renseign\u00e9s<\/p>\n<p class=\"\">Les monte-en-l\u2019air ne se sont pas du tout int\u00e9ress\u00e9s \u00e0 la boutique, situ\u00e9e au rez-de-chauss\u00e9e, ni \u00e0 l\u2019espace d\u00e9di\u00e9 aux commandes, en sous-sol. Vraisemblablement bien renseign\u00e9s, les voyous se sont d\u2019embl\u00e9e dirig\u00e9s vers le niveau -1, o\u00f9 ils ont fouill\u00e9 plusieurs placards et tiroirs-caisses.<\/p>\n<p class=\"\">Puis ils se sont empar\u00e9s du coffre-fort qui contenait le fond de caisse et surtout, les recettes cumul\u00e9es en liquide depuis le 23 d\u00e9cembre en cette tr\u00e8s lucrative p\u00e9riode des f\u00eates de No\u00ebl. Le pr\u00e9judice estim\u00e9 s\u2019\u00e9l\u00e8verait \u00e0 plus de 20 000 euros, d\u2019apr\u00e8s le parquet de Paris. Une carte bancaire du magasin a \u00e9galement \u00e9t\u00e9 d\u00e9rob\u00e9e. Les investigations ont \u00e9t\u00e9 confi\u00e9es au commissariat de Paris Centre.<\/p>\n","protected":false},"excerpt":{"rendered":"INFO LE PARISIEN. La toute premi\u00e8re chocolaterie du p\u00e2tissier de 40\u00a0ans, situ\u00e9e avenue de l\u2019Op\u00e9ra, \u00e0 Paris (IIe),&hellip;\n","protected":false},"author":2,"featured_media":630429,"comment_status":"","ping_status":"","sticky":false,"template":"","format":"standard","meta":{"footnotes":""},"categories":[1888],"tags":[11,1777,674,118,1011,27,12,626,25,2955],"class_list":{"0":"post-630428","1":"post","2":"type-post","3":"status-publish","4":"format-standard","5":"has-post-thumbnail","7":"category-paris","8":"tag-actualites","9":"tag-eu","10":"tag-europe","11":"tag-faits-divers","12":"tag-fr","13":"tag-france","14":"tag-news","15":"tag-paris","16":"tag-republique-francaise","17":"tag-videos"},"share_on_mastodon":{"url":"https:\/\/pubeurope.com\/@fr\/115809985003893717","error":""},"_links":{"self":[{"href":"https:\/\/www.europesays.com\/fr\/wp-json\/wp\/v2\/posts\/630428","targetHints":{"allow":["GET"]}}],"collection":[{"href":"https:\/\/www.europesays.com\/fr\/wp-json\/wp\/v2\/posts"}],"about":[{"href":"https:\/\/www.europesays.com\/fr\/wp-json\/wp\/v2\/types\/post"}],"author":[{"embeddable":true,"href":"https:\/\/www.europesays.com\/fr\/wp-json\/wp\/v2\/users\/2"}],"replies":[{"embeddable":true,"href":"https:\/\/www.europesays.com\/fr\/wp-json\/wp\/v2\/comments?post=630428"}],"version-history":[{"count":0,"href":"https:\/\/www.europesays.com\/fr\/wp-json\/wp\/v2\/posts\/630428\/revisions"}],"wp:featuredmedia":[{"embeddable":true,"href":"https:\/\/www.europesays.com\/fr\/wp-json\/wp\/v2\/media\/630429"}],"wp:attachment":[{"href":"https:\/\/www.europesays.com\/fr\/wp-json\/wp\/v2\/media?parent=630428"}],"wp:term":[{"taxonomy":"category","embeddable":true,"href":"https:\/\/www.europesays.com\/fr\/wp-json\/wp\/v2\/categories?post=630428"},{"taxonomy":"post_tag","embeddable":true,"href":"https:\/\/www.europesays.com\/fr\/wp-json\/wp\/v2\/tags?post=630428"}],"curies":[{"name":"wp","href":"https:\/\/api.w.org\/{rel}","templated":true}]}}