{"id":63043,"date":"2025-04-30T00:06:10","date_gmt":"2025-04-30T00:06:10","guid":{"rendered":"https:\/\/www.europesays.com\/fr\/63043\/"},"modified":"2025-04-30T00:06:10","modified_gmt":"2025-04-30T00:06:10","slug":"previsions-du-mercredi-30-avril-2025-3","status":"publish","type":"post","link":"https:\/\/www.europesays.com\/fr\/63043\/","title":{"rendered":"pr\u00e9visions du mercredi 30 avril 2025"},"content":{"rendered":"<p>Le soleil sera dominant, la promesse d&rsquo;une magnifique journ\u00e9e \u00e0 Marseille ! Les temp\u00e9ratures tourneront autour des 18\u00b0C. Une petite brise de sud-ouest sera ressentie par les habitants. Les maximales pourront atteindre 20\u00b0C dans la matin\u00e9e et les minimales seront de 16\u00b0C. Les temp\u00e9ratures seront de 20\u00b0C au plus bas et de 21\u00b0C au plus haut l&rsquo;apr\u00e8s-midi. Les valeurs afficheront entre 17 et 18\u00b0C le soir. Durant la nuit de mercredi \u00e0 jeudi, le ciel sera d\u00e9pourvu de nuages.<\/p>\n<p>Demain, un grand soleil brillera sur Marseille. La m\u00e9t\u00e9o va se r\u00e9chauffer avec une hausse de quelques degr\u00e9s. Le thermom\u00e8tre affichera 19\u00b0C en moyenne. Un vent de sud rafra\u00eechira un peu l&rsquo;atmosph\u00e8re. Les temp\u00e9ratures tourneront autour des 19\u00b0C au cours de la matin\u00e9e. Demain apr\u00e8s-midi, les valeurs s&rsquo;\u00e9chelonneront entre 20 et 21\u00b0C. Demain soir, on pr\u00e9voit des temp\u00e9ratures avoisinant 18\u00b0C.<\/p>\n<p>Pour les jours qui suivent, la m\u00e9t\u00e9o ne bougera pas. Des temp\u00e9ratures dans les 20\u00b0C iront de pair avec un ciel ensoleill\u00e9.<\/p>\n<p>C&rsquo;est jour f\u00e9ri\u00e9 demain pour la f\u00eate du travail. N&rsquo;oubliez pas d&rsquo;acheter votre brin de muguet !<\/p>\n","protected":false},"excerpt":{"rendered":"Le soleil sera dominant, la promesse d&rsquo;une magnifique journ\u00e9e \u00e0 Marseille ! Les temp\u00e9ratures tourneront autour des 18\u00b0C.&hellip;\n","protected":false},"author":2,"featured_media":63044,"comment_status":"","ping_status":"","sticky":false,"template":"","format":"standard","meta":{"footnotes":""},"categories":[2814],"tags":[1111,11,885,1777,674,1011,27,884,12,883,2119,882,25],"class_list":{"0":"post-63043","1":"post","2":"type-post","3":"status-publish","4":"format-standard","5":"has-post-thumbnail","7":"category-marseille","8":"tag-actu","9":"tag-actualites","10":"tag-bouches-du-rhone","11":"tag-eu","12":"tag-europe","13":"tag-fr","14":"tag-france","15":"tag-marseille","16":"tag-news","17":"tag-paca","18":"tag-previsions-meteo","19":"tag-provence-alpes-cote-dazur","20":"tag-republique-francaise"},"share_on_mastodon":{"url":"https:\/\/pubeurope.com\/@fr\/114424000210480145","error":""},"_links":{"self":[{"href":"https:\/\/www.europesays.com\/fr\/wp-json\/wp\/v2\/posts\/63043","targetHints":{"allow":["GET"]}}],"collection":[{"href":"https:\/\/www.europesays.com\/fr\/wp-json\/wp\/v2\/posts"}],"about":[{"href":"https:\/\/www.europesays.com\/fr\/wp-json\/wp\/v2\/types\/post"}],"author":[{"embeddable":true,"href":"https:\/\/www.europesays.com\/fr\/wp-json\/wp\/v2\/users\/2"}],"replies":[{"embeddable":true,"href":"https:\/\/www.europesays.com\/fr\/wp-json\/wp\/v2\/comments?post=63043"}],"version-history":[{"count":0,"href":"https:\/\/www.europesays.com\/fr\/wp-json\/wp\/v2\/posts\/63043\/revisions"}],"wp:featuredmedia":[{"embeddable":true,"href":"https:\/\/www.europesays.com\/fr\/wp-json\/wp\/v2\/media\/63044"}],"wp:attachment":[{"href":"https:\/\/www.europesays.com\/fr\/wp-json\/wp\/v2\/media?parent=63043"}],"wp:term":[{"taxonomy":"category","embeddable":true,"href":"https:\/\/www.europesays.com\/fr\/wp-json\/wp\/v2\/categories?post=63043"},{"taxonomy":"post_tag","embeddable":true,"href":"https:\/\/www.europesays.com\/fr\/wp-json\/wp\/v2\/tags?post=63043"}],"curies":[{"name":"wp","href":"https:\/\/api.w.org\/{rel}","templated":true}]}}