{"id":630432,"date":"2025-12-30T18:42:11","date_gmt":"2025-12-30T18:42:11","guid":{"rendered":"https:\/\/www.europesays.com\/fr\/630432\/"},"modified":"2025-12-30T18:42:11","modified_gmt":"2025-12-30T18:42:11","slug":"les-annulations-dans-larmee-russe-ces-soldats-executes-par-les-leurs","status":"publish","type":"post","link":"https:\/\/www.europesays.com\/fr\/630432\/","title":{"rendered":"Les \u201cannulations\u201d dans l\u2019arm\u00e9e russe, ces soldats ex\u00e9cut\u00e9s par les leurs"},"content":{"rendered":"\n<p>\u201cL\u00e0-bas, tu ne sais jamais si la balle viendra des Ukrainiens ou de tes propres gars\u201d, t\u00e9moigne un soldat de la 114e\u00a0brigade motoris\u00e9e. Depuis 2022, des cas d\u2019ex\u00e9cutions internes \u2212\u00a0appel\u00e9es \u201cannulations\u201d \u2212 sont signal\u00e9s parmi les forces russes. <a class=\"ithalc\" data-ithal=\"lien_externe\" data-ithalc=\"[nav_article]\" target=\"_blank\" href=\"https:\/\/verstka.media\/im-pohuj-kogo-obnulyat-kak-kaznyat-v-rossijskoj-armii\" rel=\"noopener\">Le m\u00e9dia ind\u00e9pendant russe <strong>Verstka<\/strong> a compil\u00e9<\/a> les fiches de renseignement de 101\u00a0militaires impliqu\u00e9s dans ces violences, parmi lesquels 79\u00a0\u201ccommandants de diff\u00e9rents niveaux\u201d formellement identifi\u00e9s.<\/p>\n<p>Le m\u00e9dia s\u2019appuie sur des t\u00e9moignages crois\u00e9s de soldats, des plaintes adress\u00e9es au parquet militaire \u2212\u00a0actuellement largement ignor\u00e9es\u00a0\u2212, et des groupes de discussion r\u00e9unissant les proches de soldats. <a class=\"ithalc\" data-ithal=\"lien_externe\" data-ithalc=\"[nav_article]\" target=\"_blank\" href=\"https:\/\/verstka.media\/obnuliteli\" rel=\"noopener\">Sur le site interactif<\/a> cr\u00e9\u00e9 pour accompagner l\u2019article, Verstka appelle soldats, proches ou toute autre personne int\u00e9ress\u00e9e \u00e0 partager d\u2019autres preuves ou t\u00e9moignages.<\/p>\n<p>               De la chair \u00e0 canon       <\/p>\n<p>Comme l\u2019explique Verstka, les \u201cannulations\u201d peuvent prendre diverses formes. Certains soldats \u00e9voquent des camarades jet\u00e9s dans des fosses, priv\u00e9s de nourriture et battus plusieurs fois par jour. \u201cCertains y meurent, et ceux qui survivent sont parfois forc\u00e9s de s\u2019entretuer\u201d, raconte Iouri, de la 114e\u00a0brigade motoris\u00e9e. Les t\u00e9moins parlent \u00e9galement d\u2019ex\u00e9cutions indirectes\u00a0: des soldats envoy\u00e9s sans \u00e9quipement dans des \u201cassauts de chair \u00e0 canon\u201d, lanc\u00e9s en premi\u00e8re ligne pour rep\u00e9rer les positions ennemies.<\/p>\n<p>D\u2019autres t\u00e9moignages \u00e9voquent des drones utilis\u00e9s pour liquider des soldats russes. \u201cOn avait l\u2019ordre d\u2019oblit\u00e9rer nos gars si l\u2019assaut \u00e9chouait. Ceux qui refusaient d\u2019ob\u00e9ir \u00e9taient vis\u00e9s \u00e0 leur tour, explique un ancien combattant du 139e\u00a0bataillon d\u2019assaut. Les op\u00e9rateurs de drones \u00e9taient menac\u00e9s sous la contrainte, le canon du fusil braqu\u00e9 sur eux.\u201d<\/p>\n<p>Parmi d\u2019autres moyens d\u2019ex\u00e9cution plus rares, les interlocuteurs de Verstka ont mentionn\u00e9 l\u2019envoi \u00e0 l\u2019assaut de soldats avec une grenade gliss\u00e9e \u00e0 l\u2019int\u00e9rieur de leur gilet pare-balles.<\/p>\n<p>               Dissimuler un crime       <\/p>\n<p>La logique derri\u00e8re ces ex\u00e9cutions n\u2019est pas seulement disciplinaire ou sadique, explique le m\u00e9dia. Souvent, le motif est cupide\u00a0: les commandants monnaient la survie, proposant de dispenser leurs soldats des assauts en \u00e9change de pots-de-vin. Andre\u00ef Bykov, soldat dans le 80e\u00a0r\u00e9giment de chars, aurait \u00e9t\u00e9 tu\u00e9 apr\u00e8s avoir refus\u00e9 de c\u00e9der sa voiture \u00e0 ses sup\u00e9rieurs. Sa m\u00e8re, Tatiana, confie\u00a0: \u201cAvant sa mort, son corps a \u00e9t\u00e9 rou\u00e9 de coups. [\u2026] Je ne peux m\u00eame pas enterrer mon fils, il est l\u00e0-bas, dans une for\u00eat.\u201d<\/p>\n<p>Pour \u00e9viter toute enqu\u00eate, les morts sont \u201centerr\u00e9s en for\u00eat ou abandonn\u00e9s sur le champ de bataille apr\u00e8s avoir re\u00e7u une rafale de mitraillette\u201d, et parfois d\u00e9clar\u00e9s comme \u201ctomb\u00e9s au combat\u201d ou \u201cdisparus\u201d. Les plus prudents vont jusqu\u2019\u00e0 placer des grenades sous les cadavres pour simuler une explosion au front.<\/p>\n<p>Officiellement, presque aucun de ces meurtres n\u2019est poursuivi. Selon Verstka, il existe un accord tacite au sein du commandement militaire\u00a0: tant qu\u2019un officier est en poste dans une unit\u00e9 de combat, les plaintes sont \u00e9touff\u00e9es pour ne pas compromettre l\u2019\u201cop\u00e9ration sp\u00e9ciale\u201d. \u201cIls peuvent faire ce qu\u2019ils veulent. Ils ont l\u2019immunit\u00e9\u201d, r\u00e9sume une source du parquet national, interrog\u00e9e sous le couvert de l\u2019anonymat dans Verstka.<\/p>\n<p>[Cet article a \u00e9t\u00e9 publi\u00e9 pour la premi\u00e8re fois sur notre site le 30\u00a0octobre 2025, et republi\u00e9 le 30\u00a0d\u00e9cembre]<\/p>\n","protected":false},"excerpt":{"rendered":"\u201cL\u00e0-bas, tu ne sais jamais si la balle viendra des Ukrainiens ou de tes propres gars\u201d, t\u00e9moigne un&hellip;\n","protected":false},"author":2,"featured_media":630433,"comment_status":"","ping_status":"","sticky":false,"template":"","format":"standard","meta":{"footnotes":""},"categories":[1591],"tags":[11,674,1887,131,12,1885,1886,132,1857,220],"class_list":{"0":"post-630432","1":"post","2":"type-post","3":"status-publish","4":"format-standard","5":"has-post-thumbnail","7":"category-russie","8":"tag-actualites","9":"tag-europe","10":"tag-federation-de-russie","11":"tag-guerre-en-ukraine","12":"tag-news","13":"tag-russia","14":"tag-russian-federation","15":"tag-russie","16":"tag-sociu00e9tu00e9","17":"tag-ukraine"},"share_on_mastodon":{"url":"https:\/\/pubeurope.com\/@fr\/115809992471673168","error":""},"_links":{"self":[{"href":"https:\/\/www.europesays.com\/fr\/wp-json\/wp\/v2\/posts\/630432","targetHints":{"allow":["GET"]}}],"collection":[{"href":"https:\/\/www.europesays.com\/fr\/wp-json\/wp\/v2\/posts"}],"about":[{"href":"https:\/\/www.europesays.com\/fr\/wp-json\/wp\/v2\/types\/post"}],"author":[{"embeddable":true,"href":"https:\/\/www.europesays.com\/fr\/wp-json\/wp\/v2\/users\/2"}],"replies":[{"embeddable":true,"href":"https:\/\/www.europesays.com\/fr\/wp-json\/wp\/v2\/comments?post=630432"}],"version-history":[{"count":0,"href":"https:\/\/www.europesays.com\/fr\/wp-json\/wp\/v2\/posts\/630432\/revisions"}],"wp:featuredmedia":[{"embeddable":true,"href":"https:\/\/www.europesays.com\/fr\/wp-json\/wp\/v2\/media\/630433"}],"wp:attachment":[{"href":"https:\/\/www.europesays.com\/fr\/wp-json\/wp\/v2\/media?parent=630432"}],"wp:term":[{"taxonomy":"category","embeddable":true,"href":"https:\/\/www.europesays.com\/fr\/wp-json\/wp\/v2\/categories?post=630432"},{"taxonomy":"post_tag","embeddable":true,"href":"https:\/\/www.europesays.com\/fr\/wp-json\/wp\/v2\/tags?post=630432"}],"curies":[{"name":"wp","href":"https:\/\/api.w.org\/{rel}","templated":true}]}}