{"id":630436,"date":"2025-12-30T18:44:10","date_gmt":"2025-12-30T18:44:10","guid":{"rendered":"https:\/\/www.europesays.com\/fr\/630436\/"},"modified":"2025-12-30T18:44:10","modified_gmt":"2025-12-30T18:44:10","slug":"sadapter-ou-mourir-le-choix-propose-a-geneve-par-ladministration-trump-aux-organisations-humanitaires","status":"publish","type":"post","link":"https:\/\/www.europesays.com\/fr\/630436\/","title":{"rendered":"\u00abS&rsquo;adapter\u00bb ou \u00abmourir\u00bb: le choix propos\u00e9 \u00e0 Gen\u00e8ve par l\u2019administration Trump aux organisations humanitaires"},"content":{"rendered":"<p>    R\u00e9sum\u00e9 en 20 secondes<\/p>\n<p>        En savoir plus sur ce type de contenu<\/p>\n<p>Ce r\u00e9sum\u00e9 peut avoir \u00e9t\u00e9 \u00e9crit avec l&rsquo;assistance d\u2019une IA g\u00e9n\u00e9rative. <a href=\"https:\/\/www.letemps.ch\/cyber\/l-usage-de-l-ia-generative-par-les-journalistes-du-temps\" target=\"_blank\" rel=\"noopener\">En savoir plus<\/a><\/p>\n<p class=\"article__abstract-call-to-action\" data-ariato=\"TrackableElement\" data-trackable-element-type=\"article_abstract_cta\" data-trackable-element-location=\"article_header\" data-trackable-element-id=\"516530\">\n        <a data-event=\"click-&gt;clicked\" href=\"https:\/\/www.letemps.ch\/abonnements\" target=\"_blank\" rel=\"noopener\">Abonnez-vous<\/a> pour acc\u00e9der au r\u00e9sum\u00e9 en 20 secondes.\n      <\/p>\n<p>Une conf\u00e9rence de presse lundi 29\u00a0d\u00e9cembre en plein creux des f\u00eates de fin d\u2019ann\u00e9e. Les Etats-Unis ont choisi un moment particulier pour annoncer une contribution de deux milliards de dollars pour financer une partie des op\u00e9rations humanitaires de l\u2019ONU l\u2019an prochain, mais en posant leurs conditions. La pr\u00e9sentation avait lieu \u00e0 la mission diplomatique des Etats-Unis \u00e0 Gen\u00e8ve, et non \u00e0 l\u2019ONU. Le Britannique Tom Fletcher, le coordinateur des Nations unies pour les op\u00e9rations humanitaires, a \u00e9t\u00e9 convi\u00e9.<\/p>\n<p>Le messager de l\u2019administration Trump avait pour nom Jeremy Lewin, charg\u00e9 de l\u2019aide internationale, de l\u2019assistance humanitaire et de la libert\u00e9 religieuse au D\u00e9partement d\u2019Etat am\u00e9ricain. Ce jeune homme de moins de 30\u00a0ans n\u2019avait, <a href=\"https:\/\/www.nytimes.com\/2025\/07\/31\/opinion\/doge-foreign-aid-jeremy-lewin.html\" rel=\"nofollow noopener\" target=\"_blank\">de son propre aveu<\/a>, \u00abaucune exp\u00e9rience gouvernementale\u00bb avant d\u2019\u00eatre recrut\u00e9 l\u2019an dernier par le fameux D\u00e9partement de l\u2019efficacit\u00e9 gouvernementale (DOGE) alors men\u00e9 par Elon Musk. Le commando avait fondu sur les minist\u00e8res de Washington au d\u00e9but du mandat de Donald Trump, en commen\u00e7ant par d\u00e9manteler l\u2019agence am\u00e9ricaine de d\u00e9veloppement (USAID).<\/p>\n","protected":false},"excerpt":{"rendered":"R\u00e9sum\u00e9 en 20 secondes En savoir plus sur ce type de contenu Ce r\u00e9sum\u00e9 peut avoir \u00e9t\u00e9 \u00e9crit&hellip;\n","protected":false},"author":2,"featured_media":630437,"comment_status":"","ping_status":"","sticky":false,"template":"","format":"standard","meta":{"footnotes":""},"categories":[1589],"tags":[11,782,75,73,1866,38287,12,301,1864,1865,1863,308],"class_list":{"0":"post-630436","1":"post","2":"type-post","3":"status-publish","4":"format-standard","5":"has-post-thumbnail","7":"category-etats-unis","8":"tag-actualites","9":"tag-ameriques","10":"tag-donald-trump","11":"tag-etats-unis","12":"tag-etats-unis-damerique","13":"tag-geneve-internationale","14":"tag-news","15":"tag-premium","16":"tag-united-states","17":"tag-united-states-of-america","18":"tag-us","19":"tag-usa"},"share_on_mastodon":{"url":"https:\/\/pubeurope.com\/@fr\/115810000130841602","error":""},"_links":{"self":[{"href":"https:\/\/www.europesays.com\/fr\/wp-json\/wp\/v2\/posts\/630436","targetHints":{"allow":["GET"]}}],"collection":[{"href":"https:\/\/www.europesays.com\/fr\/wp-json\/wp\/v2\/posts"}],"about":[{"href":"https:\/\/www.europesays.com\/fr\/wp-json\/wp\/v2\/types\/post"}],"author":[{"embeddable":true,"href":"https:\/\/www.europesays.com\/fr\/wp-json\/wp\/v2\/users\/2"}],"replies":[{"embeddable":true,"href":"https:\/\/www.europesays.com\/fr\/wp-json\/wp\/v2\/comments?post=630436"}],"version-history":[{"count":0,"href":"https:\/\/www.europesays.com\/fr\/wp-json\/wp\/v2\/posts\/630436\/revisions"}],"wp:featuredmedia":[{"embeddable":true,"href":"https:\/\/www.europesays.com\/fr\/wp-json\/wp\/v2\/media\/630437"}],"wp:attachment":[{"href":"https:\/\/www.europesays.com\/fr\/wp-json\/wp\/v2\/media?parent=630436"}],"wp:term":[{"taxonomy":"category","embeddable":true,"href":"https:\/\/www.europesays.com\/fr\/wp-json\/wp\/v2\/categories?post=630436"},{"taxonomy":"post_tag","embeddable":true,"href":"https:\/\/www.europesays.com\/fr\/wp-json\/wp\/v2\/tags?post=630436"}],"curies":[{"name":"wp","href":"https:\/\/api.w.org\/{rel}","templated":true}]}}