{"id":63045,"date":"2025-04-30T00:07:08","date_gmt":"2025-04-30T00:07:08","guid":{"rendered":"https:\/\/www.europesays.com\/fr\/63045\/"},"modified":"2025-04-30T00:07:08","modified_gmt":"2025-04-30T00:07:08","slug":"previsions-du-mercredi-30-avril-2025-4","status":"publish","type":"post","link":"https:\/\/www.europesays.com\/fr\/63045\/","title":{"rendered":"pr\u00e9visions du mercredi 30 avril 2025"},"content":{"rendered":"<p>Lyon va conna\u00eetre une magnifique journ\u00e9e particuli\u00e8rement ensoleill\u00e9e. Les temp\u00e9ratures seront de 11\u00b0C au minimum et de 24\u00b0C au maximum. Un petit vent de sud-est soufflera. Un temps plus chaud est \u00e0 pr\u00e9voir l&rsquo;apr\u00e8s-midi \u00e9tant donn\u00e9 que le mercure va enregistrer une l\u00e9g\u00e8re hausse. Les maximales pourront atteindre 24\u00b0C alors que les minimales seront de 22\u00b0C. Un ciel d\u00e9pourvu de nuages est pr\u00e9vu dans la nuit entre mercredi et jeudi.<\/p>\n<p>Demain, les Lyonnais vont pouvoir profiter d&rsquo;un soleil radieux. C&rsquo;est une hausse de quelques degr\u00e9s que vont conna\u00eetre les temp\u00e9ratures. Les valeurs seront comprises entre 12 et 25\u00b0C. Une modeste brise de sud-est sera ressentie par les habitants. Dans la matin\u00e9e, les temp\u00e9ratures tourneront autour des 19\u00b0C. Les valeurs vont enregistrer une augmentation de plusieurs degr\u00e9s durant l&rsquo;apr\u00e8s-midi. Les temp\u00e9ratures s&rsquo;\u00e9chelonneront de 23 \u00e0 25\u00b0C.<\/p>\n<p>Les jours suivants s&rsquo;annoncent identiques. Une m\u00e9t\u00e9o ensoleill\u00e9e, avec des temp\u00e9ratures de 19\u00b0C environ, est attendue.<\/p>\n<p>Pour la f\u00eate du travail, demain, c&rsquo;est le moment d&rsquo;offrir des brins de muguets !<\/p>\n","protected":false},"excerpt":{"rendered":"Lyon va conna\u00eetre une magnifique journ\u00e9e particuli\u00e8rement ensoleill\u00e9e. Les temp\u00e9ratures seront de 11\u00b0C au minimum et de 24\u00b0C&hellip;\n","protected":false},"author":2,"featured_media":63046,"comment_status":"","ping_status":"","sticky":false,"template":"","format":"standard","meta":{"footnotes":""},"categories":[1889],"tags":[1111,11,2430,1777,674,1011,27,2428,12,2119,25,2429,2431],"class_list":{"0":"post-63045","1":"post","2":"type-post","3":"status-publish","4":"format-standard","5":"has-post-thumbnail","7":"category-lyon","8":"tag-actu","9":"tag-actualites","10":"tag-auvergne-rhone-alpes","11":"tag-eu","12":"tag-europe","13":"tag-fr","14":"tag-france","15":"tag-lyon","16":"tag-news","17":"tag-previsions-meteo","18":"tag-republique-francaise","19":"tag-rhone","20":"tag-rhone-alpes"},"share_on_mastodon":{"url":"https:\/\/pubeurope.com\/@fr\/114424004206731830","error":""},"_links":{"self":[{"href":"https:\/\/www.europesays.com\/fr\/wp-json\/wp\/v2\/posts\/63045","targetHints":{"allow":["GET"]}}],"collection":[{"href":"https:\/\/www.europesays.com\/fr\/wp-json\/wp\/v2\/posts"}],"about":[{"href":"https:\/\/www.europesays.com\/fr\/wp-json\/wp\/v2\/types\/post"}],"author":[{"embeddable":true,"href":"https:\/\/www.europesays.com\/fr\/wp-json\/wp\/v2\/users\/2"}],"replies":[{"embeddable":true,"href":"https:\/\/www.europesays.com\/fr\/wp-json\/wp\/v2\/comments?post=63045"}],"version-history":[{"count":0,"href":"https:\/\/www.europesays.com\/fr\/wp-json\/wp\/v2\/posts\/63045\/revisions"}],"wp:featuredmedia":[{"embeddable":true,"href":"https:\/\/www.europesays.com\/fr\/wp-json\/wp\/v2\/media\/63046"}],"wp:attachment":[{"href":"https:\/\/www.europesays.com\/fr\/wp-json\/wp\/v2\/media?parent=63045"}],"wp:term":[{"taxonomy":"category","embeddable":true,"href":"https:\/\/www.europesays.com\/fr\/wp-json\/wp\/v2\/categories?post=63045"},{"taxonomy":"post_tag","embeddable":true,"href":"https:\/\/www.europesays.com\/fr\/wp-json\/wp\/v2\/tags?post=63045"}],"curies":[{"name":"wp","href":"https:\/\/api.w.org\/{rel}","templated":true}]}}