{"id":630456,"date":"2025-12-30T18:55:18","date_gmt":"2025-12-30T18:55:18","guid":{"rendered":"https:\/\/www.europesays.com\/fr\/630456\/"},"modified":"2025-12-30T18:55:18","modified_gmt":"2025-12-30T18:55:18","slug":"atp-liam-broady-pose-une-vraie-question-a-propos-de-nick-kyrgios-est-il-le-meilleur-joueur-de-lhistoire-dans-cette-categorie","status":"publish","type":"post","link":"https:\/\/www.europesays.com\/fr\/630456\/","title":{"rendered":"ATP > Liam Broady pose une vraie question \u00e0 propos de Nick Kyrgios : \u00ab\u00a0Est-il le meilleur joueur de l&rsquo;histoire dans cette cat\u00e9gorie ?\u00a0\u00bb"},"content":{"rendered":"<p>Alors que Nick Kyrgios a fait parler de lui en rempor\u00adtant la bataille des sexes face \u00e0 Aryna Sabalenka, plusieurs d\u00e9bats commencent \u00e0 \u00e9merger \u00e0 propos du fantasque joueur austra\u00adlien, qui n\u2019a disput\u00e9 que sept petits matchs offi\u00adciels depuis trois\u00a0ans.<\/p>\n<p>Si <a href=\"https:\/\/www.welovetennis.fr\/atp\/mark-philippoussis-sans-langue-de-bois-a-propos-de-nick-kyrgios-je-ne-sais-pas-ce-quil-veut-faire-de-sa-carriere-ni-sil-veut-la-prendre-au-serieux-lannee-derniere-et-il-y-a-deux-ans-il-ne\" data-wpel-link=\"internal\" target=\"_blank\" rel=\"noopener\">Mark Philippoussis estime qu\u2019il ne m\u00e9rite pas n\u00e9ces\u00adsai\u00adre\u00adment une invi\u00adta\u00adtion pour le prochain Open d\u2019Australie<\/a>, d\u2019autres comme le joueur britan\u00adnique, Liam Broady, se demande si Kyrgios n\u2019est pas le meilleur joueur de l\u2019his\u00adtoire \u00e0 n\u2019avoir jamais int\u00e9gr\u00e9 le Top 10 mondial (maximum 13e, en octobre 2016).\u00a0<\/p>\n<blockquote class=\"twitter-tweet\">\n<p lang=\"en\" dir=\"ltr\">Kygrios has never been top 10!? Is he the best player never to make it in\u00a0there!?<\/p>\n<p>\u2014 Liam Broady (@Liambroady) <a href=\"https:\/\/twitter.com\/Liambroady\/status\/2005309273799319699?ref_src=twsrc%5Etfw\" data-wpel-link=\"external\" target=\"_blank\" rel=\"nofollow external noopener\">December 28,\u00a02025<\/a><\/p><\/blockquote>\n<p><strong>\u00ab\u202fKyrgios n\u2019a jamais \u00e9t\u00e9 dans le top 10 !? Est\u2010il le meilleur joueur \u00e0 ne jamais y \u00eatre entr\u00e9\u202f?\u202f\u00bb<\/strong>, s\u2019est inter\u00adrog\u00e9 l\u2019ac\u00adtuel 306e mondial.\u00a0<\/p>\n<p class=\"post-published-date\" style=\"color: silver; font-size: 75%; text-align: left;\">Publi\u00e9 le lundi 29 d\u00e9cembre 2025 \u00e0 17:20<\/p>\n<p>  <script async src=\"https:\/\/platform.twitter.com\/widgets.js\" charset=\"utf-8\"><\/script><\/p>\n","protected":false},"excerpt":{"rendered":"Alors que Nick Kyrgios a fait parler de lui en rempor\u00adtant la bataille des sexes face \u00e0 Aryna&hellip;\n","protected":false},"author":2,"featured_media":243044,"comment_status":"","ping_status":"","sticky":false,"template":"","format":"standard","meta":{"footnotes":""},"categories":[1415],"tags":[7615,1011,27,4874,60,1467],"class_list":{"0":"post-630456","1":"post","2":"type-post","3":"status-publish","4":"format-standard","5":"has-post-thumbnail","7":"category-tennis","8":"tag-aryna-sabalenka","9":"tag-fr","10":"tag-france","11":"tag-kyrgios","12":"tag-sports","13":"tag-tennis"},"share_on_mastodon":{"url":"https:\/\/pubeurope.com\/@fr\/115810043346907347","error":""},"_links":{"self":[{"href":"https:\/\/www.europesays.com\/fr\/wp-json\/wp\/v2\/posts\/630456","targetHints":{"allow":["GET"]}}],"collection":[{"href":"https:\/\/www.europesays.com\/fr\/wp-json\/wp\/v2\/posts"}],"about":[{"href":"https:\/\/www.europesays.com\/fr\/wp-json\/wp\/v2\/types\/post"}],"author":[{"embeddable":true,"href":"https:\/\/www.europesays.com\/fr\/wp-json\/wp\/v2\/users\/2"}],"replies":[{"embeddable":true,"href":"https:\/\/www.europesays.com\/fr\/wp-json\/wp\/v2\/comments?post=630456"}],"version-history":[{"count":0,"href":"https:\/\/www.europesays.com\/fr\/wp-json\/wp\/v2\/posts\/630456\/revisions"}],"wp:featuredmedia":[{"embeddable":true,"href":"https:\/\/www.europesays.com\/fr\/wp-json\/wp\/v2\/media\/243044"}],"wp:attachment":[{"href":"https:\/\/www.europesays.com\/fr\/wp-json\/wp\/v2\/media?parent=630456"}],"wp:term":[{"taxonomy":"category","embeddable":true,"href":"https:\/\/www.europesays.com\/fr\/wp-json\/wp\/v2\/categories?post=630456"},{"taxonomy":"post_tag","embeddable":true,"href":"https:\/\/www.europesays.com\/fr\/wp-json\/wp\/v2\/tags?post=630456"}],"curies":[{"name":"wp","href":"https:\/\/api.w.org\/{rel}","templated":true}]}}