{"id":630457,"date":"2025-12-30T18:59:10","date_gmt":"2025-12-30T18:59:10","guid":{"rendered":"https:\/\/www.europesays.com\/fr\/630457\/"},"modified":"2025-12-30T18:59:10","modified_gmt":"2025-12-30T18:59:10","slug":"non-conserve-a-la-groupama-fdj-eddy-le-huitouze-a-retrouve-une-equipe-pour-2026","status":"publish","type":"post","link":"https:\/\/www.europesays.com\/fr\/630457\/","title":{"rendered":"Non conserv\u00e9 \u00e0 la Groupama-FDJ, Eddy Le Huitouze a retrouv\u00e9 une \u00e9quipe pour 2026"},"content":{"rendered":"<p>Pass\u00e9 professionnel au sein de la formation Groupama-FDJ en 2022 (il a effectu\u00e9 deux ans avec la r\u00e9serve avant d\u2019int\u00e9grer l\u2019\u00e9quipe WorldTour), Eddy Le Huitouze ne fera plus partie de l\u2019effectif 2026 de l\u2019\u00e9quipe d\u00e9sormais manag\u00e9e par le Finist\u00e9rien <a href=\"https:\/\/www.letelegramme.fr\/sports\/cyclisme\/qui-est-le-breton-thierry-cornec-successeur-de-marc-madiot-comme-manager-general-de-la-groupama-fdj-6951754.php\" target=\"_blank\" rel=\"noopener\">Thierry Cornec.<\/a><\/p>\n<p>Mais il sera toujours coureur. Selon nos informations, le Morbihannais s\u2019est en effet engag\u00e9 en faveur du Team Wilier Triestina, une nouvelle \u00e9quipe sp\u00e9cialis\u00e9e dans le gravel.<\/p>\n<p>Il d\u00e9butera sa saison 2026, mi-f\u00e9vrier, en Espagne. <\/p>\n","protected":false},"excerpt":{"rendered":"Pass\u00e9 professionnel au sein de la formation Groupama-FDJ en 2022 (il a effectu\u00e9 deux ans avec la r\u00e9serve&hellip;\n","protected":false},"author":2,"featured_media":630458,"comment_status":"","ping_status":"","sticky":false,"template":"","format":"standard","meta":{"footnotes":""},"categories":[1411],"tags":[1154,207,3166,1011,27,73949,60890,2427,60],"class_list":{"0":"post-630457","1":"post","2":"type-post","3":"status-publish","4":"format-standard","5":"has-post-thumbnail","7":"category-cyclisme","8":"tag-cycling","9":"tag-cyclisme","10":"tag-en-continu-sports","11":"tag-fr","12":"tag-france","13":"tag-landevant","14":"tag-mercato-velo","15":"tag-professionnels","16":"tag-sports"},"share_on_mastodon":{"url":"https:\/\/pubeurope.com\/@fr\/115810059131164506","error":""},"_links":{"self":[{"href":"https:\/\/www.europesays.com\/fr\/wp-json\/wp\/v2\/posts\/630457","targetHints":{"allow":["GET"]}}],"collection":[{"href":"https:\/\/www.europesays.com\/fr\/wp-json\/wp\/v2\/posts"}],"about":[{"href":"https:\/\/www.europesays.com\/fr\/wp-json\/wp\/v2\/types\/post"}],"author":[{"embeddable":true,"href":"https:\/\/www.europesays.com\/fr\/wp-json\/wp\/v2\/users\/2"}],"replies":[{"embeddable":true,"href":"https:\/\/www.europesays.com\/fr\/wp-json\/wp\/v2\/comments?post=630457"}],"version-history":[{"count":0,"href":"https:\/\/www.europesays.com\/fr\/wp-json\/wp\/v2\/posts\/630457\/revisions"}],"wp:featuredmedia":[{"embeddable":true,"href":"https:\/\/www.europesays.com\/fr\/wp-json\/wp\/v2\/media\/630458"}],"wp:attachment":[{"href":"https:\/\/www.europesays.com\/fr\/wp-json\/wp\/v2\/media?parent=630457"}],"wp:term":[{"taxonomy":"category","embeddable":true,"href":"https:\/\/www.europesays.com\/fr\/wp-json\/wp\/v2\/categories?post=630457"},{"taxonomy":"post_tag","embeddable":true,"href":"https:\/\/www.europesays.com\/fr\/wp-json\/wp\/v2\/tags?post=630457"}],"curies":[{"name":"wp","href":"https:\/\/api.w.org\/{rel}","templated":true}]}}