{"id":630461,"date":"2025-12-30T19:01:13","date_gmt":"2025-12-30T19:01:13","guid":{"rendered":"https:\/\/www.europesays.com\/fr\/630461\/"},"modified":"2025-12-30T19:01:13","modified_gmt":"2025-12-30T19:01:13","slug":"maeva-ghennam-mariee-avec-un-homme-un-vrai-elle-revele-sa-dot-a-6-chiffres","status":"publish","type":"post","link":"https:\/\/www.europesays.com\/fr\/630461\/","title":{"rendered":"Maeva Ghennam mari\u00e9e avec \u00ab\u00a0un homme\u00a0\u00bb, un vrai : elle r\u00e9v\u00e8le sa dot \u00e0 6 chiffres"},"content":{"rendered":"<p>      R\u00e9sum\u00e9<\/p>\n<p>Maeva Ghennam a officialis\u00e9 son mariage religieux \u00e0 Duba\u00ef, d\u00e9voilant une dot \u00e0 six chiffres et affirmant un engagement spirituel profond, tout en prot\u00e9geant l\u2019anonymat de son \u00e9poux.<\/p>\n<p>        Sommaire<\/p>\n<p>L\u2019annonce a surpris tout le monde. Le 27 d\u00e9cembre 2025, <strong>Maeva Ghennam a officialis\u00e9 son mariage religieux<\/strong> c\u00e9l\u00e9br\u00e9 \u00e0 Duba\u00ef, loin des <a href=\"https:\/\/vsd.fr\/83711-secret-story-lun-des-plus-gros-clashs-de-lhistoire-de-la-tele-realite-eclate-le-gendarme-de-laudiovisuel-fait-rapidement-couper\/\" target=\"_blank\" rel=\"noopener\">cam\u00e9ras de la t\u00e9l\u00e9r\u00e9alit\u00e9<\/a> qui l\u2019ont r\u00e9v\u00e9l\u00e9e. <\/p>\n<p>Une union intime, spirituelle, mais <a href=\"https:\/\/www.public.fr\/maeva-ghennam-des-marseillais-sest-mariee-decouvrez-les-photos-du-mariage-et-son-compagnon\" target=\"_blank\" rel=\"noopener\">imm\u00e9diatement scrut\u00e9e \u00e0 la loupe par les internautes<\/a>. Et comme souvent avec l\u2019influenceuse, les d\u00e9tails partag\u00e9s n\u2019ont laiss\u00e9 personne indiff\u00e9rent, notamment lorsqu\u2019elle a \u00e9voqu\u00e9, sans d\u00e9tour,<strong> la dot que lui a vers\u00e9e son mari : un montant \u00e0 six chiffres.<\/strong><\/p>\n<p>Tr\u00e8s active sur Snapchat, Maeva Ghennam a tenu \u00e0 raconter elle-m\u00eame les coulisses de cette union. Avec son franc-parler habituel, elle n\u2019a pas \u00e9lud\u00e9 la question des bijoux et de la dot, <strong>visiblement un sujet central<\/strong> dans le cadre de son mariage religieux. <\/p>\n<p>Maeva Ghennam a re\u00e7u une dot<\/p>\n<p>\u00ab\u00a0Moi je lui ai dit : je veux un gros gros diamant\u00a0\u00bb, lance-t-elle face cam\u00e9ra. Et d\u2019ajouter, hilare : \u00ab\u00a0Ah, et je vous ai pas dit aussi\u2026<strong> il m\u2019a dot\u00e9e. Et pas une petite dot. Une dot \u00e0 six chiffres<\/strong>. Ah ouais, vraiment, \u00e7a a \u00e9t\u00e9 un homme\u00a0\u00bb.<\/p>\n<p>Une d\u00e9claration qui a imm\u00e9diatement fait r\u00e9agir. Pour Maeva, il ne s\u2019agit ni de provocation ni d\u2019ostentation gratuite, mais du respect d\u2019un engagement religieux et culturel, dit-elle. La jeune femme d\u00e9taille \u00e9galement le choix minutieux de ses bijoux : \u00ab\u00a0Le mec, il me l\u2019a fait sur mesure, il a pris le dessus, il a chang\u00e9 le tour et tout\u00a0\u00bb, raconte-t-elle, soulignant l\u2019implication de son \u00e9poux dans sa bague.<\/p>\n<p>Ce mariage marque un tournant dans la vie de <strong>Maeva Ghennam, d\u00e9j\u00e0 amorc\u00e9 depuis son retour affirm\u00e9 \u00e0 la foi<\/strong>. Apr\u00e8s son p\u00e8lerinage \u00e0 La Mecque fin 2023, l\u2019ancienne star des Marseillais avait multipli\u00e9 les prises de parole sur sa volont\u00e9 de changer de vie, de se recentrer sur l\u2019essentiel et de s\u2019\u00e9loigner des pol\u00e9miques. Dans son message annon\u00e7ant son union, elle parlait d\u2019un \u00ab\u00a0engagement sacr\u00e9\u00a0\u00bb. Elle a m\u00eame demand\u00e9 paix, patience et b\u00e9n\u00e9diction \u00e0 dieu pour son couple.<\/p>\n<p>Un mariage d\u00e9j\u00e0 entach\u00e9 ? <\/p>\n<p>Pourtant, \u00e0 peine annonc\u00e9, <a href=\"https:\/\/www.public.fr\/maeva-ghennam-son-mariage-deja-entache\" target=\"_blank\" rel=\"noopener\">ce mariage a \u00e9t\u00e9 rapidement \u00ab\u00a0entach\u00e9\u00a0\u00bb,<\/a> selon ses propres mots, par les sp\u00e9culations autour de l\u2019identit\u00e9 de son mari. Maeva a d\u00fb intervenir pour d\u00e9noncer les intrusions, les faux comptes et les tentatives de d\u00e9voilement, rappelant fermement qu\u2019elle <strong>avait choisi de pr\u00e9server l\u2019anonymat de l\u2019homme qui partage d\u00e9sormais sa vie.<br \/><\/strong><br \/>Si l\u2019identit\u00e9 de l\u2019\u00e9poux reste secr\u00e8te, un d\u00e9tail fait consensus chez les abonn\u00e9s de Maeva : elle n\u2019a jamais sembl\u00e9 aussi heureuse. L\u2019influenceuse cl\u00f4t l\u2019ann\u00e9e 2025 mari\u00e9e, et ses fans ont sans doute h\u00e2te de d\u00e9couvrir la suite.<\/p>\n<p>\n          Hits &amp; People en continu\n        <\/p>\n<p>\n          Public Radio\n        <\/p>\n<p>      Mentionn\u00e9s dans cet article<\/p>\n<p>      Sur le m\u00eame sujet<\/p>\n","protected":false},"excerpt":{"rendered":"R\u00e9sum\u00e9 Maeva Ghennam a officialis\u00e9 son mariage religieux \u00e0 Duba\u00ef, d\u00e9voilant une dot \u00e0 six chiffres et affirmant&hellip;\n","protected":false},"author":2,"featured_media":630462,"comment_status":"","ping_status":"","sticky":false,"template":"","format":"standard","meta":{"footnotes":""},"categories":[1359],"tags":[1261,52420,58,59,1011,27,28483,1930,973],"class_list":{"0":"post-630461","1":"post","2":"type-post","3":"status-publish","4":"format-standard","5":"has-post-thumbnail","7":"category-people","8":"tag-argent","9":"tag-diamant","10":"tag-divertissement","11":"tag-entertainment","12":"tag-fr","13":"tag-france","14":"tag-maeva-ghennam","15":"tag-mariage","16":"tag-people"},"share_on_mastodon":{"url":"https:\/\/pubeurope.com\/@fr\/115810067092899401","error":""},"_links":{"self":[{"href":"https:\/\/www.europesays.com\/fr\/wp-json\/wp\/v2\/posts\/630461","targetHints":{"allow":["GET"]}}],"collection":[{"href":"https:\/\/www.europesays.com\/fr\/wp-json\/wp\/v2\/posts"}],"about":[{"href":"https:\/\/www.europesays.com\/fr\/wp-json\/wp\/v2\/types\/post"}],"author":[{"embeddable":true,"href":"https:\/\/www.europesays.com\/fr\/wp-json\/wp\/v2\/users\/2"}],"replies":[{"embeddable":true,"href":"https:\/\/www.europesays.com\/fr\/wp-json\/wp\/v2\/comments?post=630461"}],"version-history":[{"count":0,"href":"https:\/\/www.europesays.com\/fr\/wp-json\/wp\/v2\/posts\/630461\/revisions"}],"wp:featuredmedia":[{"embeddable":true,"href":"https:\/\/www.europesays.com\/fr\/wp-json\/wp\/v2\/media\/630462"}],"wp:attachment":[{"href":"https:\/\/www.europesays.com\/fr\/wp-json\/wp\/v2\/media?parent=630461"}],"wp:term":[{"taxonomy":"category","embeddable":true,"href":"https:\/\/www.europesays.com\/fr\/wp-json\/wp\/v2\/categories?post=630461"},{"taxonomy":"post_tag","embeddable":true,"href":"https:\/\/www.europesays.com\/fr\/wp-json\/wp\/v2\/tags?post=630461"}],"curies":[{"name":"wp","href":"https:\/\/api.w.org\/{rel}","templated":true}]}}