{"id":630463,"date":"2025-12-30T19:02:10","date_gmt":"2025-12-30T19:02:10","guid":{"rendered":"https:\/\/www.europesays.com\/fr\/630463\/"},"modified":"2025-12-30T19:02:10","modified_gmt":"2025-12-30T19:02:10","slug":"devenue-une-star-mondiale-apres-la-restauration-ratee-dun-tableau-du-christ-cecilia-gimenez-est-decedee","status":"publish","type":"post","link":"https:\/\/www.europesays.com\/fr\/630463\/","title":{"rendered":"Devenue une star mondiale apr\u00e8s la restauration rat\u00e9e d\u2019un tableau du Christ, Cecilia Gim\u00e9nez est d\u00e9c\u00e9d\u00e9e"},"content":{"rendered":"<p class=\"lp-f-subtitle-01\">Devenue c\u00e9l\u00e8bre en 2012 apr\u00e8s avoir rat\u00e9 la restauration d\u2019un tableau du Christ, Cecilia Gim\u00e9nez s\u2019est \u00e9teinte en Espagne \u00e0 l\u2019\u00e2ge de 94\u00a0ans.<\/p>\n<p class=\"\">Cecilia Gim\u00e9nez qui avait marqu\u00e9 malgr\u00e9 elle l\u2019ann\u00e9e 2012, est d\u00e9c\u00e9d\u00e9e \u00e0 l\u2019\u00e2ge de 94 ans, a annonc\u00e9 la fondation qui g\u00e8re le sanctuaire o\u00f9 se trouve son \u0153uvre la plus c\u00e9l\u00e8bre, l\u2019 \u00ab Ecce Homo \u00bb de Borja, dans le nord-est de l\u2019Espagne.<\/p>\n<p class=\"\">\u00ab En ao\u00fbt 2012, la c\u00e9l\u00e8bre <a href=\"https:\/\/www.leparisien.fr\/culture-loisirs\/au-coeur-des-ateliers-de-restauration-de-versailles-qui-redonnent-leur-eclat-aux-oeuvres-dart-12-06-2021-NQU6NELXIVAETE37ZDPAZDRFJY.php\" target=\"_blank\" rel=\"noreferrer noopener\">restauration <\/a>de l\u2019Ecce Homo de Borja fut montr\u00e9e ; en raison du mauvais \u00e9tat de conservation de l\u2019\u0153uvre, Cecilia, avec la meilleure intention du monde, avait d\u00e9cid\u00e9 de repeindre l\u2019\u0153uvre par-dessus \u00bb, rappelle dans un message publi\u00e9 sur Facebook la fondation.<\/p>\n<p class=\"\">\u00ab Cecilia Gim\u00e9nez devint ainsi l\u2019un des personnages les plus c\u00e9l\u00e8bres de 2012 et continue encore aujourd\u2019hui \u00e0 susciter l\u2019int\u00e9r\u00eat, non seulement des personnes qui se rendent au Sanctuaire de la Mis\u00e9ricorde, lieu que Cecilia adorait, mais aussi de diff\u00e9rents m\u00e9dias \u00bb, poursuit-elle.<\/p>\n<p>De nombreuses versions d\u00e9tourn\u00e9es<\/p>\n<p class=\"\">Cecilia Gim\u00e9nez, n\u00e9e le 23 janvier 1931, avait provoqu\u00e9 la consternation des protecteurs du patrimoine et l\u2019hilarit\u00e9 chez les internautes du monde entier par son travail tr\u00e8s personnel qui a, n\u00e9anmoins, attir\u00e9 des milliers de visiteurs dans sa ville natale. Borja avait vu passer 57 000 visiteurs venus voir la peinture en un an.<\/p>\n<p class=\"\">Chevelure aux allures de pelage de singe, bouche effac\u00e9e et nez maladroitement stylis\u00e9 n\u00e9s sous son pinceau n\u2019avaient plus rien \u00e0 voir avec l\u2019original, un \u00ab Ecce Homo \u00bb aux traits fins coiff\u00e9 d\u2019une couronne d\u2019\u00e9pines peint par un artiste local, Elias Garcia Martinez. L\u2019\u0153uvre, r\u00e9alis\u00e9e dans les ann\u00e9es 1910, n\u2019\u00e9tait pas class\u00e9e.<\/p>\n<p class=\"\">Partout dans le monde, le visage m\u00e9connaissable du nouvel \u00ab Ecce Homo \u00bb avait imm\u00e9diatement inspir\u00e9 de nombreuses versions d\u00e9tourn\u00e9es \u00e0 partir notamment de photos du roi d\u2019Espagne Juan Carlos en 2012, de Michael Jackson ou encore d\u2019Homer Simpson, et m\u00eame des masques.<\/p>\n","protected":false},"excerpt":{"rendered":"Devenue c\u00e9l\u00e8bre en 2012 apr\u00e8s avoir rat\u00e9 la restauration d\u2019un tableau du Christ, Cecilia Gim\u00e9nez s\u2019est \u00e9teinte en&hellip;\n","protected":false},"author":2,"featured_media":630464,"comment_status":"","ping_status":"","sticky":false,"template":"","format":"standard","meta":{"footnotes":""},"categories":[1358],"tags":[1348,1384,1385,872,1386,58,59,1011,27,11725,104],"class_list":{"0":"post-630463","1":"post","2":"type-post","3":"status-publish","4":"format-standard","5":"has-post-thumbnail","7":"category-arts-et-design","8":"tag-arts","9":"tag-arts-and-design","10":"tag-arts-et-design","11":"tag-culture-et-loisirs","12":"tag-design","13":"tag-divertissement","14":"tag-entertainment","15":"tag-fr","16":"tag-france","17":"tag-religions","18":"tag-societe"},"share_on_mastodon":{"url":"https:\/\/pubeurope.com\/@fr\/115810070852845308","error":""},"_links":{"self":[{"href":"https:\/\/www.europesays.com\/fr\/wp-json\/wp\/v2\/posts\/630463","targetHints":{"allow":["GET"]}}],"collection":[{"href":"https:\/\/www.europesays.com\/fr\/wp-json\/wp\/v2\/posts"}],"about":[{"href":"https:\/\/www.europesays.com\/fr\/wp-json\/wp\/v2\/types\/post"}],"author":[{"embeddable":true,"href":"https:\/\/www.europesays.com\/fr\/wp-json\/wp\/v2\/users\/2"}],"replies":[{"embeddable":true,"href":"https:\/\/www.europesays.com\/fr\/wp-json\/wp\/v2\/comments?post=630463"}],"version-history":[{"count":0,"href":"https:\/\/www.europesays.com\/fr\/wp-json\/wp\/v2\/posts\/630463\/revisions"}],"wp:featuredmedia":[{"embeddable":true,"href":"https:\/\/www.europesays.com\/fr\/wp-json\/wp\/v2\/media\/630464"}],"wp:attachment":[{"href":"https:\/\/www.europesays.com\/fr\/wp-json\/wp\/v2\/media?parent=630463"}],"wp:term":[{"taxonomy":"category","embeddable":true,"href":"https:\/\/www.europesays.com\/fr\/wp-json\/wp\/v2\/categories?post=630463"},{"taxonomy":"post_tag","embeddable":true,"href":"https:\/\/www.europesays.com\/fr\/wp-json\/wp\/v2\/tags?post=630463"}],"curies":[{"name":"wp","href":"https:\/\/api.w.org\/{rel}","templated":true}]}}