{"id":630465,"date":"2025-12-30T19:04:11","date_gmt":"2025-12-30T19:04:11","guid":{"rendered":"https:\/\/www.europesays.com\/fr\/630465\/"},"modified":"2025-12-30T19:04:11","modified_gmt":"2025-12-30T19:04:11","slug":"audiences-2025-cnews-premiere-chaine-dintox-de-france-avec-une-nouvelle-sanction-de-larcom-telerama","status":"publish","type":"post","link":"https:\/\/www.europesays.com\/fr\/630465\/","title":{"rendered":"Audiences 2025 : CNews, premi\u00e8re cha\u00eene d\u2019intox de France\u2026 avec une nouvelle sanction de l\u2019Arcom &#8211; T\u00e9l\u00e9rama"},"content":{"rendered":"<ol>\n<li><a href=\"https:\/\/news.google.com\/rss\/articles\/CBMi1gFBVV95cUxNOVl1VFBtanhYell1UWdhbzM2ZVhneGdYalQ4dGNtWTE3bkg5cTlJS0QzeE5POEhqU1JtR003SDJYU25INXM2MDdMcm5pMHI5MFItdkxFWUxuQk5yQnoxUkt2R3NjbkZINk9JOEFDcmFocmdoLVFVMGpGZUZCS2MwOXo5Rzcyd3A4bUpKYW11R2NVV01YRGpjNkhDTER3VHlObDVmYzREQ2FCUklOaDBjOTZLcGlMc0ZIZWxKTE5RNi1taWgybEQwT0RZVUtHR3FhX0VYcHZn?oc=5\" target=\"_blank\" rel=\"noopener\">Audiences 2025 : CNews, premi\u00e8re cha\u00eene d\u2019intox de France\u2026 avec une nouvelle sanction de l\u2019Arcom<\/a>&nbsp;&nbsp;T\u00e9l\u00e9rama<\/li>\n<li><a href=\"https:\/\/news.google.com\/rss\/articles\/CBMixAFBVV95cUxOV2daLVdmdlJHUy1TM3IwVFZvVURjVjRJT3g5czdtWVNleGx5cUNpTVl6bnRTMFJtU3VUVlU2UzRncXlDdENTOEl1eFQtWnprU056dWl6QTZlZnRQeHRid3ozeElSMUFydDUyYi1pa3gzclRfMF8tNDhVWmRFQ1ZodHg3azZpODFrNkQ4dDhtcmdvWktKSUtoNDl6Ym91aVJ0ZDBVRWl4LW9ZZnlCYjcxeDZTZ2dtbElLbHVyMHhQV1Y0VnVP?oc=5\" target=\"_blank\" rel=\"noopener\">CNews, cha\u00eene d\u2019info la plus regard\u00e9e : la polarisation des m\u00e9dias est-elle in\u00e9luctable ?<\/a>&nbsp;&nbsp;La Croix<\/li>\n<li><a href=\"https:\/\/news.google.com\/rss\/articles\/CBMiuwFBVV95cUxOZnlrSVpLZXdvMzFmZVV2Q3hmTzNId0t6NlRZM2xRRVRxRmt0Y2dyTWhvZ05BXzRXWDRyUUpfT1lOY0hNT2ZzLU1qQ2YzbDlaWHdiRzBUVlN6c1RhRFZudnMzZU1MWUhmNXR2bUxjNzdJYU53Z1JTUHQ5MzZyQnBjUlJORXMzYVJZVEFKS1p2QmU4OEd3cVVKLTVETWZIcklGNlN5WXdDTjBqNzRmaG9NRW1BTm1vUDRqd1hN0gHAAUFVX3lxTFBkcExDaEl0Tzc5enJyYTJzYXZFZ3NxbENIcy1wMkt6amFWM2FJTVQtTHU5VHZSOWgwai0yWkVaY21jdkdBNWFvSGVNRHpvc0RLUlZ5T01RbXJQM3RsX3hORWJjb3ZxTlNfa09WeWxkbnpiQ3dVeXNabXN2b3hobFdxQU9tbzlpTWNGMGZjdTk3VUJLWjlBc2FMYlJJM2dGVW9sTk1FNnE2WWhfenlxYXpZU05JVTJFNTVDUVF2dHJKNg?oc=5\" target=\"_blank\" rel=\"noopener\">L&rsquo;\u00e9dito d&rsquo;Eliot Deval : \u00abEn 9 ans d&rsquo;existence, l&rsquo;audience de CNEWS a augment\u00e9 de 467%, gr\u00e2ce \u00e0 vous\u00bb<\/a>&nbsp;&nbsp;CNews<\/li>\n<li><a href=\"https:\/\/news.google.com\/rss\/articles\/CBMitAFBVV95cUxPeXhjS0tYOXkzaUVoYnZkb1lhOFZ6S19MbzQ0U2kwcUdHa3ZNeUVPemNOUGJrVGdBYW9tRnNlYWxmbVVKODFyQnJHcWZUTnRQS256Y3lrRDVvdEJiSGhhOGdtSDBhdnBTQ3FQSkVXZEVjSGNVcEhOWkFCWmRxMElJalVZY3IxSE5FOE9TbUU5emFyVm5iUElMTlhET1VjUUdkQXF5bXJCd0swYjdlQThubHZBUU4?oc=5\" target=\"_blank\" rel=\"noopener\">Dans le giron de Bollor\u00e9, CNews a encha\u00een\u00e9 les records en 2025 devant BFMTV<\/a>&nbsp;&nbsp;20 Minutes<\/li>\n<li><a href=\"https:\/\/news.google.com\/rss\/articles\/CBMiqAFBVV95cUxNTmstR1lGM1lIdG9MbGZ6d3U0Uk14NU1UcGoyOWExcDVXSG1xLVoxWGtlQTh0Wllsa1JpdjdNY055M1MySnp5ekJkcnd2NTFvbXNlZlVEMlRIMXpkZDB4VHVncmhIWnVON09CZ1dRaTM1NEN3WmR1RkpoUEdqanM2TjAwLWVVanFSS0IzN1RITEJfT0lTeEVLVmVGU01hOE1WM01YT0hSN28?oc=5\" target=\"_blank\" rel=\"noopener\">2025 est l\u2019ann\u00e9e des records pour CNews, sacr\u00e9e leader des cha\u00eenes d\u2019information<\/a>&nbsp;&nbsp;Le Figaro<\/li>\n<\/ol>\n","protected":false},"excerpt":{"rendered":"Audiences 2025 : CNews, premi\u00e8re cha\u00eene d\u2019intox de France\u2026 avec une nouvelle sanction de l\u2019Arcom&nbsp;&nbsp;T\u00e9l\u00e9rama CNews, cha\u00eene d\u2019info&hellip;\n","protected":false},"author":2,"featured_media":630466,"comment_status":"","ping_status":"","sticky":false,"template":"","format":"standard","meta":{"footnotes":""},"categories":[1356],"tags":[58,59,1011,27,252,1364],"class_list":{"0":"post-630465","1":"post","2":"type-post","3":"status-publish","4":"format-standard","5":"has-post-thumbnail","7":"category-television","8":"tag-divertissement","9":"tag-entertainment","10":"tag-fr","11":"tag-france","12":"tag-television","13":"tag-tv"},"share_on_mastodon":{"url":"https:\/\/pubeurope.com\/@fr\/115810079113874140","error":""},"_links":{"self":[{"href":"https:\/\/www.europesays.com\/fr\/wp-json\/wp\/v2\/posts\/630465","targetHints":{"allow":["GET"]}}],"collection":[{"href":"https:\/\/www.europesays.com\/fr\/wp-json\/wp\/v2\/posts"}],"about":[{"href":"https:\/\/www.europesays.com\/fr\/wp-json\/wp\/v2\/types\/post"}],"author":[{"embeddable":true,"href":"https:\/\/www.europesays.com\/fr\/wp-json\/wp\/v2\/users\/2"}],"replies":[{"embeddable":true,"href":"https:\/\/www.europesays.com\/fr\/wp-json\/wp\/v2\/comments?post=630465"}],"version-history":[{"count":0,"href":"https:\/\/www.europesays.com\/fr\/wp-json\/wp\/v2\/posts\/630465\/revisions"}],"wp:featuredmedia":[{"embeddable":true,"href":"https:\/\/www.europesays.com\/fr\/wp-json\/wp\/v2\/media\/630466"}],"wp:attachment":[{"href":"https:\/\/www.europesays.com\/fr\/wp-json\/wp\/v2\/media?parent=630465"}],"wp:term":[{"taxonomy":"category","embeddable":true,"href":"https:\/\/www.europesays.com\/fr\/wp-json\/wp\/v2\/categories?post=630465"},{"taxonomy":"post_tag","embeddable":true,"href":"https:\/\/www.europesays.com\/fr\/wp-json\/wp\/v2\/tags?post=630465"}],"curies":[{"name":"wp","href":"https:\/\/api.w.org\/{rel}","templated":true}]}}