{"id":630473,"date":"2025-12-30T19:08:10","date_gmt":"2025-12-30T19:08:10","guid":{"rendered":"https:\/\/www.europesays.com\/fr\/630473\/"},"modified":"2025-12-30T19:08:10","modified_gmt":"2025-12-30T19:08:10","slug":"un-policier-mis-a-la-retraite-apres-avoir-recu-un-don-de-kylian-mbappe","status":"publish","type":"post","link":"https:\/\/www.europesays.com\/fr\/630473\/","title":{"rendered":"Un policier mis \u00e0 la retraite apr\u00e8s avoir re\u00e7u un don de Kylian Mbapp\u00e9"},"content":{"rendered":"<p>Un policier d\u00e9tach\u00e9 aupr\u00e8s de la <a href=\"https:\/\/www.20minutes.fr\/sport\/fff\/\" class=\"c-link c-link--is-underlined\" target=\"_blank\" rel=\"noopener\">F\u00e9d\u00e9ration fran\u00e7aise de football<\/a> (FFF) et figure des <a href=\"https:\/\/www.20minutes.fr\/sport\/equipe-de-france-de-football\/\" class=\"c-link c-link--is-underlined\" target=\"_blank\" rel=\"noopener\">Bleus<\/a> a \u00e9t\u00e9 sanctionn\u00e9 par la direction de la police d\u2019une mise \u00e0 la retraite anticip\u00e9e apr\u00e8s avoir per\u00e7u un don de <a href=\"https:\/\/www.20minutes.fr\/sport\/kylian-mbappe\/\" class=\"c-link c-link--is-underlined\" target=\"_blank\" rel=\"noopener\">Kylian Mbapp\u00e9<\/a>.<\/p>\n<p>Quelques mois apr\u00e8s la <a href=\"https:\/\/www.20minutes.fr\/sport\/coupe_du_monde_2022\/\" class=\"c-link c-link--is-underlined\" target=\"_blank\" rel=\"noopener\">Coupe du monde au Qatar<\/a>, ce policier charg\u00e9 de la s\u00e9curit\u00e9 de l\u2019\u00e9quipe de France, \u00e2g\u00e9 aujourd\u2019hui de 57 ans, a re\u00e7u un ch\u00e8que de 60.300 euros de l\u2019actuel capitaine des Bleus en juin\u00a02023, provenant de sa prime du Mondial 2022.<\/p>\n<p>Enqu\u00eate judiciaire pour travail dissimul\u00e9 et blanchiment de fraude fiscale<\/p>\n<p>Ce \u00ab\u00a0don d\u2019usage\u00a0\u00bb accord\u00e9 par l\u2019attaquant du Real Madrid a \u00e9t\u00e9 signal\u00e9 par un banquier \u00e0 Tracfin, la cellule de renseignement financier de <a href=\"https:\/\/www.20minutes.fr\/dossier\/bercy\" class=\"c-link c-link--is-underlined\" target=\"_blank\" rel=\"noopener\">Bercy<\/a>, en juillet\u00a02024, d\u00e9clenchant l\u2019ouverture d\u2019une enqu\u00eate judiciaire pour travail dissimul\u00e9 et blanchiment de fraude fiscale. Une perquisition a eu lieu il y a quelques mois au domicile du commandant de <a href=\"https:\/\/www.20minutes.fr\/dossier\/police\" class=\"c-link c-link--is-underlined\" target=\"_blank\" rel=\"noopener\">police<\/a>, selon une source. En parall\u00e8le, il a \u00e9t\u00e9 vis\u00e9 par une proc\u00e9dure disciplinaire de <a href=\"https:\/\/www.20minutes.fr\/dossier\/igpn\" class=\"c-link c-link--is-underlined\" target=\"_blank\" rel=\"noopener\">l\u2019IGPN<\/a>, l\u2019Inspection g\u00e9n\u00e9rale de la police nationale.<\/p>\n<\/p>\n<p>En octobre dernier, il a \u00e9t\u00e9 convoqu\u00e9 en conseil de discipline, qui n\u2019a d\u00e9cid\u00e9 d\u2019aucune sanction, selon plusieurs sources proches du dossier.<\/p>\n<p>Mis \u00e0 la retraite anticip\u00e9e par la DGPN\u2026 mais rattrap\u00e9 par la FFF<\/p>\n<p>Mais le 20\u00a0d\u00e9cembre, la Direction g\u00e9n\u00e9rale de la police nationale (DGPN) a d\u00e9cid\u00e9 sa mise \u00e0 la retraite anticip\u00e9e pour ne pas avoir inform\u00e9 sa hi\u00e9rarchie de ce don, ont pr\u00e9cis\u00e9 les sources, confirmant une information du journal Le Monde.<\/p>\n<p>Avant cette d\u00e9cision de la DGPN, cette figure des Bleus depuis des ann\u00e9es et ami de la famille Mbapp\u00e9 avait fait valoir ses droits \u00e0 la retraite pour partir le 31\u00a0d\u00e9cembre, selon les m\u00eames sources.<\/p>\n<p>Dans la foul\u00e9e, la FFF a d\u00e9cid\u00e9 de l\u2019employer en CDD jusqu\u2019au moins la Coupe du monde de l\u2019\u00e9t\u00e9 prochain aux <a href=\"https:\/\/www.20minutes.fr\/monde\/etats-unis\/\" class=\"c-link c-link--is-underlined\" target=\"_blank\" rel=\"noopener\">Etats-Unis<\/a>, Canada et <a href=\"https:\/\/www.20minutes.fr\/dossier\/mexique\" class=\"c-link c-link--is-underlined\" target=\"_blank\" rel=\"noopener\">Mexique<\/a>. Il fera partie du staff de la s\u00e9curit\u00e9 des Bleus, mais plus en qualit\u00e9 de policier.<\/p>\n<p>A la FFF, son travail et son int\u00e9grit\u00e9 sont salu\u00e9s par plusieurs sources, pr\u00e9cisant que ce poste est pris\u00e9 par beaucoup.<\/p>\n<p>Le policier conteste la sanction<\/p>\n<p>\u00ab\u00a0Cette histoire ne tient pas juridiquement car ce don est l\u00e9gal et n\u2019est pas contest\u00e9 et il y a une volont\u00e9 vexatoire car le commandant devait partir \u00e0 la retraite le 31\u00a0d\u00e9cembre. Je m\u2019interroge sur les motivations \u00e0 s\u2019acharner sur ce fonctionnaire de police honn\u00eate\u00a0\u00bb, a r\u00e9agi l\u2019ancien sous-pr\u00e9fet Abdel A\u00efssou, d\u00e9fendant le fonctionnaire.<\/p>\n<p>Quelques semaines apr\u00e8s avoir re\u00e7u ce ch\u00e8que de Kylian Mbapp\u00e9, le commandant de police avait accompagn\u00e9 la star pour un voyage priv\u00e9 au <a href=\"https:\/\/www.20minutes.fr\/dossier\/cameroun\" class=\"c-link c-link--is-underlined\" target=\"_blank\" rel=\"noopener\">Cameroun<\/a>, en juillet\u00a02023.<\/p>\n<p>L\u2019enqu\u00eate administrative cherchait notamment \u00e0 savoir si l\u2019ex-CRS avait d\u00e9bord\u00e9 le cadre de ses missions, mais ce point n\u2019a pas \u00e9t\u00e9 retenu par la DGPN, selon son avocat Jean-Baptiste Soufron.<\/p>\n<p>Une enqu\u00eate toujours en cours<\/p>\n<p>\u00ab\u00a0C\u2019est un s\u00e9rieux d\u00e9saveu de l\u2019enqu\u00eate de l\u2019IGPN sachant que les autres charges sur le don ont \u00e9t\u00e9 abandonn\u00e9es apr\u00e8s les explications donn\u00e9es en conseil de discipline, notamment le travail dissimul\u00e9 ou parall\u00e8le au Cameroun\u00a0\u00bb, a assur\u00e9 mardi Me Soufron, qui va contester la sanction devant le tribunal administratif.<\/p>\n<p>\u00ab\u00a0Le don re\u00e7u pour le Mondial 2022 \u00e9tait licite, fait par ch\u00e8que et n\u2019avait pas besoin d\u2019\u00eatre d\u00e9clar\u00e9. Cela n\u2019a aucun sens de faire un lien a posteriori entre ce don et les interventions r\u00e9alis\u00e9es par mon client en\u00a02023 aupr\u00e8s de Kylian Mbapp\u00e9 dans le cadre de d\u00e9placements publics\u00a0\u00bb, assurait cet \u00e9t\u00e9 l\u2019avocat.<\/p>\n<p><a href=\"https:\/\/www.20minutes.fr\/sport\/football\/\" class=\"c-link c-btn c-btn--primary\" target=\"_blank\" rel=\"noopener\">Retrouvez ici toute l&rsquo;actualit\u00e9 du Football<\/a><\/p>\n<p>Quatre autres brigadiers-chefs ont eux aussi re\u00e7u 30.000 euros chacun, ce qui fait un total de 180.300 euros de dons vers\u00e9s par Kylian Mbapp\u00e9. Son entourage assurait il y a plusieurs mois que \u00ab\u00a0tout a \u00e9t\u00e9 fait dans le respect des r\u00e8gles\u00a0\u00bb, \u00ab\u00a0sans aucune contrepartie\u00a0\u00bb.<\/p>\n<p>Sollicit\u00e9 mardi, l\u2019entourage du joueur n\u2019a pas souhait\u00e9 faire davantage de commentaires.<\/p>\n<p>L\u2019enqu\u00eate judiciaire qui vise le policier des chefs de travail dissimul\u00e9 et blanchiment de fraude fiscale est toujours en cours.<\/p>\n","protected":false},"excerpt":{"rendered":"Un policier d\u00e9tach\u00e9 aupr\u00e8s de la F\u00e9d\u00e9ration fran\u00e7aise de football (FFF) et figure des Bleus a \u00e9t\u00e9 sanctionn\u00e9&hellip;\n","protected":false},"author":2,"featured_media":630474,"comment_status":"","ping_status":"","sticky":false,"template":"","format":"standard","meta":{"footnotes":""},"categories":[9],"tags":[47,23615,451,6713,73,85,63,1011,27,35088,6477,1072,1463,4790,104,60],"class_list":{"0":"post-630473","1":"post","2":"type-post","3":"status-publish","4":"format-standard","5":"has-post-thumbnail","7":"category-sports","8":"tag-actualite","9":"tag-cameroun","10":"tag-coupe-du-monde","11":"tag-equipe-de-france-de-football","12":"tag-etats-unis","13":"tag-fff","14":"tag-football","15":"tag-fr","16":"tag-france","17":"tag-igpn","18":"tag-kylian-mbappe","19":"tag-police","20":"tag-qatar","21":"tag-real-madrid","22":"tag-societe","23":"tag-sports"},"share_on_mastodon":{"url":"https:\/\/pubeurope.com\/@fr\/115810094533780109","error":""},"_links":{"self":[{"href":"https:\/\/www.europesays.com\/fr\/wp-json\/wp\/v2\/posts\/630473","targetHints":{"allow":["GET"]}}],"collection":[{"href":"https:\/\/www.europesays.com\/fr\/wp-json\/wp\/v2\/posts"}],"about":[{"href":"https:\/\/www.europesays.com\/fr\/wp-json\/wp\/v2\/types\/post"}],"author":[{"embeddable":true,"href":"https:\/\/www.europesays.com\/fr\/wp-json\/wp\/v2\/users\/2"}],"replies":[{"embeddable":true,"href":"https:\/\/www.europesays.com\/fr\/wp-json\/wp\/v2\/comments?post=630473"}],"version-history":[{"count":0,"href":"https:\/\/www.europesays.com\/fr\/wp-json\/wp\/v2\/posts\/630473\/revisions"}],"wp:featuredmedia":[{"embeddable":true,"href":"https:\/\/www.europesays.com\/fr\/wp-json\/wp\/v2\/media\/630474"}],"wp:attachment":[{"href":"https:\/\/www.europesays.com\/fr\/wp-json\/wp\/v2\/media?parent=630473"}],"wp:term":[{"taxonomy":"category","embeddable":true,"href":"https:\/\/www.europesays.com\/fr\/wp-json\/wp\/v2\/categories?post=630473"},{"taxonomy":"post_tag","embeddable":true,"href":"https:\/\/www.europesays.com\/fr\/wp-json\/wp\/v2\/tags?post=630473"}],"curies":[{"name":"wp","href":"https:\/\/api.w.org\/{rel}","templated":true}]}}