{"id":630481,"date":"2025-12-30T19:13:24","date_gmt":"2025-12-30T19:13:24","guid":{"rendered":"https:\/\/www.europesays.com\/fr\/630481\/"},"modified":"2025-12-30T19:13:24","modified_gmt":"2025-12-30T19:13:24","slug":"ivre-il-prend-la-quatre-voies-a-contresens-et-fonce-dans-les-vehicules-des-forces-de-lordre-sept-gendarmes-blesses-le-conducteur-en-infraction-interpelle","status":"publish","type":"post","link":"https:\/\/www.europesays.com\/fr\/630481\/","title":{"rendered":"Ivre, il prend la quatre-voies \u00e0 contresens et fonce dans les v\u00e9hicules des forces de l\u2019ordre\u00a0: sept gendarmes bless\u00e9s, le conducteur en infraction interpell\u00e9"},"content":{"rendered":"<p>\n                                                                Les faits se sont d\u00e9roul\u00e9s dans la nuit du 27 au 28\u00a0d\u00e9cembre 2025 \u00e0 Saint-Pol-de-L\u00e9on (Finist\u00e8re). La voiture en infraction a notamment percut\u00e9 d\u00e9lib\u00e9r\u00e9ment des v\u00e9hicules de gendarmes.\n                            <\/p>\n<p>Un \u00e9ni\u00e8me refus d\u2019obtemp\u00e9rer et de nouveaux gendarmes bless\u00e9s. Dans la nuit du 27 au 28\u00a0d\u00e9cembre 2025, une course-poursuite s\u2019est produite entre un automobiliste en infraction, <a href=\"https:\/\/www.midilibre.fr\/2025\/12\/12\/refus-dobtemperer-un-automobiliste-percute-un-policier-en-tentant-dechapper-a-la-mise-en-fourriere-de-son-vehicule-a-montpellier-13106944.php\" target=\"_blank\" rel=\"noopener\">qui avait refus\u00e9 d\u2019obtemp\u00e9rer<\/a>, et des v\u00e9hicules de gendarmes.<\/p>\n<p>Selon les informations de <a href=\"https:\/\/www.tf1info.fr\/justice-faits-divers\/finistere-sept-gendarmes-blesses-dans-une-course-poursuite-apres-un-refus-d-obtemperer-2415681.html\" target=\"_blank\" rel=\"noopener\">TF1 Info<\/a>, les faits se sont produits \u00e0 Saint-Pol-de-L\u00e9on (Finist\u00e8re). Lors de la course-poursuite, l\u2019automobiliste en infraction a emprunt\u00e9 une route \u00e0 quatre voies \u00e0 contresens avant de s\u2019arr\u00eater dans un champ et de reprendre sa fuite. Finalement interpell\u00e9 apr\u00e8s plusieurs tentatives, le conducteur du v\u00e9hicule \u00e9tait alcoolis\u00e9, pr\u00e9cise la source.<\/p>\n<p>Il blesse sept gendarmes<\/p>\n<p>Durant la course-poursuite, <a href=\"https:\/\/www.midilibre.fr\/2025\/12\/29\/poursuivi-par-quatre-voitures-de-police-il-fonce-dans-lune-delles-et-blesse-trois-agents-le-conducteur-en-infraction-est-un-mineur-de-16-ans-13135740.php\" target=\"_blank\" rel=\"noopener\">le conducteur a d\u00e9lib\u00e9r\u00e9ment fonc\u00e9 dans des v\u00e9hicules de gendarmerie<\/a>, dont un frontalement. Sept des onze gendarmes mobilis\u00e9s pour l\u2019interpellation ont \u00e9t\u00e9 bless\u00e9s.<\/p>\n<p data-path-to-node=\"7\">En plus du chauffard, un des passagers a \u00e9t\u00e9 ma\u00eetris\u00e9 par les gendarmes \u00e0 l\u2019aide d\u2019un taser. Il \u00e9tait d\u00e9favorablement connu de la justice et faisait l\u2019objet d\u2019un mandat d\u2019arr\u00eat apr\u00e8s une condamnation \u00e0 3 ans et demi de prison pour violences aggrav\u00e9es et association de malfaiteurs selon le parquet de Brest.<\/p>\n","protected":false},"excerpt":{"rendered":"Les faits se sont d\u00e9roul\u00e9s dans la nuit du 27 au 28\u00a0d\u00e9cembre 2025 \u00e0 Saint-Pol-de-L\u00e9on (Finist\u00e8re). La voiture&hellip;\n","protected":false},"author":2,"featured_media":630482,"comment_status":"","ping_status":"","sticky":false,"template":"","format":"standard","meta":{"footnotes":""},"categories":[4],"tags":[1111,11,1011,27,12,25,53137],"class_list":{"0":"post-630481","1":"post","2":"type-post","3":"status-publish","4":"format-standard","5":"has-post-thumbnail","7":"category-france","8":"tag-actu","9":"tag-actualites","10":"tag-fr","11":"tag-france","12":"tag-news","13":"tag-republique-francaise","14":"tag-su00e9curitu00e9-routiu00e8re"},"share_on_mastodon":{"url":"https:\/\/pubeurope.com\/@fr\/115810114251085405","error":""},"_links":{"self":[{"href":"https:\/\/www.europesays.com\/fr\/wp-json\/wp\/v2\/posts\/630481","targetHints":{"allow":["GET"]}}],"collection":[{"href":"https:\/\/www.europesays.com\/fr\/wp-json\/wp\/v2\/posts"}],"about":[{"href":"https:\/\/www.europesays.com\/fr\/wp-json\/wp\/v2\/types\/post"}],"author":[{"embeddable":true,"href":"https:\/\/www.europesays.com\/fr\/wp-json\/wp\/v2\/users\/2"}],"replies":[{"embeddable":true,"href":"https:\/\/www.europesays.com\/fr\/wp-json\/wp\/v2\/comments?post=630481"}],"version-history":[{"count":0,"href":"https:\/\/www.europesays.com\/fr\/wp-json\/wp\/v2\/posts\/630481\/revisions"}],"wp:featuredmedia":[{"embeddable":true,"href":"https:\/\/www.europesays.com\/fr\/wp-json\/wp\/v2\/media\/630482"}],"wp:attachment":[{"href":"https:\/\/www.europesays.com\/fr\/wp-json\/wp\/v2\/media?parent=630481"}],"wp:term":[{"taxonomy":"category","embeddable":true,"href":"https:\/\/www.europesays.com\/fr\/wp-json\/wp\/v2\/categories?post=630481"},{"taxonomy":"post_tag","embeddable":true,"href":"https:\/\/www.europesays.com\/fr\/wp-json\/wp\/v2\/tags?post=630481"}],"curies":[{"name":"wp","href":"https:\/\/api.w.org\/{rel}","templated":true}]}}