{"id":630488,"date":"2025-12-30T19:17:22","date_gmt":"2025-12-30T19:17:22","guid":{"rendered":"https:\/\/www.europesays.com\/fr\/630488\/"},"modified":"2025-12-30T19:17:22","modified_gmt":"2025-12-30T19:17:22","slug":"le-village-de-noel-de-la-place-charles-iii-sefface-la-nouvelle-annee-approche","status":"publish","type":"post","link":"https:\/\/www.europesays.com\/fr\/630488\/","title":{"rendered":"le village de No\u00ebl de la place Charles III s&rsquo;efface, la nouvelle ann\u00e9e\u00a0approche !"},"content":{"rendered":"<p>No\u00ebl s\u2019efface doucement. Sur la place Charles\u2011III, le village de la Saint\u2011Nicolas, ferm\u00e9 depuis le 29 d\u00e9cembre, se d\u00e9monte peu \u00e0 peu. Une dizaine d\u2019employ\u00e9s des Solutions d\u2019Olivier retirent les structures, les guirlandes, les d\u00e9corations et le c\u00e2blage, avant de tout remballer pour l\u2019ann\u00e9e prochaine. Pendant ce temps, le gui s\u2019impose comme le symbole festif de la nouvelle ann\u00e9e qui approche.<\/p>\n","protected":false},"excerpt":{"rendered":"No\u00ebl s\u2019efface doucement. Sur la place Charles\u2011III, le village de la Saint\u2011Nicolas, ferm\u00e9 depuis le 29 d\u00e9cembre, se&hellip;\n","protected":false},"author":2,"featured_media":630489,"comment_status":"","ping_status":"","sticky":false,"template":"","format":"standard","meta":{"footnotes":""},"categories":[9635],"tags":[1111,11,33,1704,1777,674,3326,1011,27,2798,775,1702,12,15830,25,104],"class_list":{"0":"post-630488","1":"post","2":"type-post","3":"status-publish","4":"format-standard","5":"has-post-thumbnail","7":"category-nancy","8":"tag-actu","9":"tag-actualites","10":"tag-economie","11":"tag-edition-nancy-et-agglomeration","12":"tag-eu","13":"tag-europe","14":"tag-fete-locale","15":"tag-fr","16":"tag-france","17":"tag-galerie-photo","18":"tag-grand-est","19":"tag-nancy","20":"tag-news","21":"tag-noel","22":"tag-republique-francaise","23":"tag-societe"},"share_on_mastodon":{"url":"https:\/\/pubeurope.com\/@fr\/115810129959878652","error":""},"_links":{"self":[{"href":"https:\/\/www.europesays.com\/fr\/wp-json\/wp\/v2\/posts\/630488","targetHints":{"allow":["GET"]}}],"collection":[{"href":"https:\/\/www.europesays.com\/fr\/wp-json\/wp\/v2\/posts"}],"about":[{"href":"https:\/\/www.europesays.com\/fr\/wp-json\/wp\/v2\/types\/post"}],"author":[{"embeddable":true,"href":"https:\/\/www.europesays.com\/fr\/wp-json\/wp\/v2\/users\/2"}],"replies":[{"embeddable":true,"href":"https:\/\/www.europesays.com\/fr\/wp-json\/wp\/v2\/comments?post=630488"}],"version-history":[{"count":0,"href":"https:\/\/www.europesays.com\/fr\/wp-json\/wp\/v2\/posts\/630488\/revisions"}],"wp:featuredmedia":[{"embeddable":true,"href":"https:\/\/www.europesays.com\/fr\/wp-json\/wp\/v2\/media\/630489"}],"wp:attachment":[{"href":"https:\/\/www.europesays.com\/fr\/wp-json\/wp\/v2\/media?parent=630488"}],"wp:term":[{"taxonomy":"category","embeddable":true,"href":"https:\/\/www.europesays.com\/fr\/wp-json\/wp\/v2\/categories?post=630488"},{"taxonomy":"post_tag","embeddable":true,"href":"https:\/\/www.europesays.com\/fr\/wp-json\/wp\/v2\/tags?post=630488"}],"curies":[{"name":"wp","href":"https:\/\/api.w.org\/{rel}","templated":true}]}}