{"id":630490,"date":"2025-12-30T19:18:42","date_gmt":"2025-12-30T19:18:42","guid":{"rendered":"https:\/\/www.europesays.com\/fr\/630490\/"},"modified":"2025-12-30T19:18:42","modified_gmt":"2025-12-30T19:18:42","slug":"stage-droit-des-societes-1er-semestre-2026","status":"publish","type":"post","link":"https:\/\/www.europesays.com\/fr\/630490\/","title":{"rendered":"Stage Droit des Soci\u00e9t\u00e9s &#8211; 1er semestre 2026"},"content":{"rendered":"<p>\t  \t\t<img decoding=\"async\" style=\"display:none\" itemprop=\"image\" src=\"https:\/\/www.europesays.com\/fr\/wp-content\/uploads\/2025\/12\/ee1e4030b82f83dc707a3eaa7cc44f45.png\" alt=\"\"\/><\/p>\n<p>\t\t\t\t\tStage Droit des Soci\u00e9t\u00e9s &#8211; 1er semestre 2026 &#8211; Nancy H\/F<\/p>\n<ul class=\"infos_annonces list-unstyled\">\n<li class=\"mt-3 mb-3\"><img decoding=\"async\" src=\"https:\/\/www.europesays.com\/fr\/wp-content\/uploads\/2025\/12\/ee1e4030b82f83dc707a3eaa7cc44f45.png\"\/><\/li>\n<li style=\"font-size: 14px; text-align: left;\"><b>Recruteur<\/b> : Fidal<\/li>\n<li>\n\t\t\t\t\t\t\t<b>   Publi\u00e9<\/b> : 30\/12\/2025\n\t\t\t\t\t\t<\/li>\n<li>\n<p>\t\t\t\t\t\t\t<b><br \/>\n\t\t\t\t\t\t\tR\u00e9gion<\/b> : <\/p>\n<p>\t\t\t\t\t\t\tNancy  (Alsace-Champagne-Ardenne-Lorraine (Grand Est))<\/p>\n<\/li>\n<\/ul>\n<li>\n\t\t\t\t\t\t\t<b>Type de contrat<\/b> : Stage\n\t\t\t\t\t\t<\/li>\n<li><b>Sp\u00e9cialit\u00e9s<\/b> : Droit des affaires &#8211; Stage en R\u00e8glement des Contentieux<\/li>\n<p>\t\t\t\t\t<img decoding=\"async\" src=\"https:\/\/www.europesays.com\/fr\/wp-content\/uploads\/2025\/12\/bC54YWUuMTQ4NjEuMjk0NEBmaWRhbC5hcGxpdHJhay5jb20.gif\"\/><br \/>&#13;<\/p>\n<p style=\"text-align: justify;\">&#13;<br \/>\n\tFIDAL recherche un ou une stagiaire \u00e9l\u00e8ve-avocat, de pr\u00e9f\u00e9rence, pour rejoindre son d\u00e9partement r\u00e8glement des contentieux. Le stage, d&rsquo;une dur\u00e9e de quatre \u00e0 six mois, se d\u00e9roulera au sein de notre bureau de Nancy \u00e0 compter du premier semestre 2026.<\/p>\n<p>&#13;<\/p>\n<p style=\"text-align: justify;\">&#13;<br \/>\n\t<strong>Qui sommes-nous ?<\/strong><\/p>\n<p>&#13;<\/p>\n<p style=\"text-align: justify;\">&#13;<br \/>\n\tAvec plus de 1 300 avocats et juristes r\u00e9partis dans 87 bureaux en France, des partenaires dans 150 pays, et un chiffre d&rsquo;affaires de 340 M\u20ac, FIDAL est le premier cabinet d&rsquo;avocats d&rsquo;affaires en France et en Europe continentale, tant par la taille que par le chiffre d&rsquo;affaires. FIDAL est \u00e9galement le seul cabinet fran\u00e7ais \u00e0 figurer dans le top 100 mondial. En tant que partenaires strat\u00e9giques des entreprises, des institutions et des organisations, notre expertise juridique constitue un levier pour am\u00e9liorer leur performance et leur croissance, tant en France qu&rsquo;\u00e0 l&rsquo;international.<\/p>\n<p>&#13;<\/p>\n<p style=\"text-align: justify;\">&#13;<br \/>\n\tNos professionnels b\u00e9n\u00e9ficient, au quotidien, des ressources d&rsquo;un grand cabinet : des outils digitaux et des services innovants, des \u00e9quipes d\u00e9di\u00e9es \u00e0 la veille r\u00e9glementaire et l\u00e9gislative, ainsi qu&rsquo;un \u00e9cosyst\u00e8me interprofessionnel comprenant des notaires, fiduciaires, experts en financement, ing\u00e9nieurs brevets, et consultants RH.<\/p>\n<p>&#13;<\/p>\n<p style=\"text-align: justify;\">&#13;<br \/>\n\tUnique sur le march\u00e9, la direction technique de FIDAL rassemble des avocats, au si\u00e8ge et en r\u00e9gion, experts reconnus dans leurs domaines, tant praticiens qu&rsquo;universitaires, au service de l&rsquo;excellence technique du cabinet et de l&rsquo;accompagnement des clients.<\/p>\n<p>&#13;<\/p>\n<p style=\"text-align: justify;\">&#13;<br \/>\n\tNotre expertise, alli\u00e9e \u00e0 notre r\u00e9seau mondial, fait de nous FIDAL un partenaire incontournable pour accompagner nos clients dans leurs enjeux les plus strat\u00e9giques.<\/p>\n<p>&#13;<\/p>\n<p style=\"text-align: justify;\">&#13;<br \/>\n\t<strong>Ce que l&rsquo;on vous propose :<\/strong><\/p>\n<p>&#13;<\/p>\n<p style=\"text-align: justify;\">&#13;<br \/>\n\tFormez-vous aux c\u00f4t\u00e9s de professionnels engag\u00e9s et anim\u00e9s par la passion de leur m\u00e9tier. !<\/p>\n<p>&#13;<\/p>\n<p style=\"text-align: justify;\">&#13;<br \/>\n\tFIDAL recherche un ou une stagiaire \u00e9l\u00e8ve-avocat, de pr\u00e9f\u00e9rence, pour rejoindre son d\u00e9partement r\u00e8glement des contentieux. Le stage, d&rsquo;une dur\u00e9e de quatre \u00e0 six mois, se d\u00e9roulera au sein de notre bureau de Nancy \u00e0 compter du premier semestre 2026.<\/p>\n<p>&#13;<\/p>\n<p style=\"text-align: justify;\">&#13;<br \/>\n\tVous rejoindrez une \u00e9quipe \u00e0 taille humaine compos\u00e9e d&rsquo;une vingtaine de professionnels dont 2 avocats en r\u00e8glement des contentieux.<\/p>\n<p>&#13;<\/p>\n<p style=\"text-align: justify;\">&#13;<br \/>\n\tVous pourrez d\u00e9couvrir et participer activement \u00e0 la gestion pr\u00e9contentieuse et contentieuse de diff\u00e9rends de natures diverses (droit commercial, droit p\u00e9nal des affaires, proc\u00e9dures collectives notamment). Vous serez amen\u00e9 \u00e0 r\u00e9diger des conclusions, des consultations juridiques, \u00e0 effectuer des recherches, \u00e0 contribuer \u00e0 la pr\u00e9paration et au suivi des audiences et ce, sous l&rsquo;encadrement bienveillant d&rsquo;avocats exp\u00e9riment\u00e9s.<\/p>\n<p>&#13;<\/p>\n<p style=\"text-align: justify;\">&#13;<br \/>\n\t<strong>Ce qui vous repr\u00e9sente :<\/strong><\/p>\n<p>&#13;<\/p>\n<p style=\"text-align: justify;\">&#13;<br \/>\n\tVous \u00eates actuellement en Master en Droit des Affaires (M2) ou \u00e9l\u00e8ve-avocat et \u00eates titulaire d&rsquo;une formation en proc\u00e9dure civile.<\/p>\n<p>&#13;<\/p>\n<p style=\"text-align: justify;\">&#13;<br \/>\n\tVous \u00eates motiv\u00e9(e) et rigoureux(se), dot\u00e9(e) de solides connaissances en droit des affaires et en proc\u00e9dure civile. L&rsquo;esprit d&rsquo;analyse et de synth\u00e8se, la capacit\u00e9 r\u00e9dactionnelle, l&rsquo;autonomie et le sens du travail en \u00e9quipe sont les qualit\u00e9s requises pour ce stage.<\/p>\n<p>Description de l&rsquo;annonce :<\/p>\n<p>\n\t\t\t\t\t\t<img decoding=\"async\" src=\"https:\/\/www.europesays.com\/fr\/wp-content\/uploads\/2025\/12\/bC54YWUuMTQ4NjEuMjk0NEBmaWRhbC5hcGxpdHJhay5jb20.gif\"\/><br \/>&#13;\n<\/p>\n<p style=\"text-align: justify;\">&#13;<br \/>\n\tFIDAL recherche un ou une stagiaire \u00e9l\u00e8ve-avocat, de pr\u00e9f\u00e9rence, pour rejoindre son d\u00e9partement r\u00e8glement des contentieux. Le stage, d&rsquo;une dur\u00e9e de quatre \u00e0 six mois, se d\u00e9roulera au sein de notre bureau de Nancy \u00e0 compter du premier semestre 2026.<\/p>\n<p style=\"text-align: justify;\">&#13;<br \/>\n\t<strong>Qui sommes-nous ?<\/strong><\/p>\n<p style=\"text-align: justify;\">&#13;<br \/>\n\tAvec plus de 1 300 avocats et juristes r\u00e9partis dans 87 bureaux en France, des partenaires dans 150 pays, et un chiffre d&rsquo;affaires de 340 M\u20ac, FIDAL est le premier cabinet d&rsquo;avocats d&rsquo;affaires en France et en Europe continentale, tant par la taille que par le chiffre d&rsquo;affaires. FIDAL est \u00e9galement le seul cabinet fran\u00e7ais \u00e0 figurer dans le top 100 mondial. En tant que partenaires strat\u00e9giques des entreprises, des institutions et des organisations, notre expertise juridique constitue un levier pour am\u00e9liorer leur performance et leur croissance, tant en France qu&rsquo;\u00e0 l&rsquo;international.<\/p>\n<p style=\"text-align: justify;\">&#13;<br \/>\n\tNos professionnels b\u00e9n\u00e9ficient, au quotidien, des ressources d&rsquo;un grand cabinet : des outils digitaux et des services innovants, des \u00e9quipes d\u00e9di\u00e9es \u00e0 la veille r\u00e9glementaire et l\u00e9gislative, ainsi qu&rsquo;un \u00e9cosyst\u00e8me interprofessionnel comprenant des notaires, fiduciaires, experts en financement, ing\u00e9nieurs brevets, et consultants RH.<\/p>\n<p style=\"text-align: justify;\">&#13;<br \/>\n\tUnique sur le march\u00e9, la direction technique de FIDAL rassemble des avocats, au si\u00e8ge et en r\u00e9gion, experts reconnus dans leurs domaines, tant praticiens qu&rsquo;universitaires, au service de l&rsquo;excellence technique du cabinet et de l&rsquo;accompagnement des clients.<\/p>\n<p style=\"text-align: justify;\">&#13;<br \/>\n\tNotre expertise, alli\u00e9e \u00e0 notre r\u00e9seau mondial, fait de nous FIDAL un partenaire incontournable pour accompagner nos clients dans leurs enjeux les plus strat\u00e9giques.<\/p>\n<p style=\"text-align: justify;\">&#13;<br \/>\n\t<strong>Ce que l&rsquo;on vous propose :<\/strong><\/p>\n<p style=\"text-align: justify;\">&#13;<br \/>\n\tFormez-vous aux c\u00f4t\u00e9s de professionnels engag\u00e9s et anim\u00e9s par la passion de leur m\u00e9tier. !<\/p>\n<p style=\"text-align: justify;\">&#13;<br \/>\n\tFIDAL recherche un ou une stagiaire \u00e9l\u00e8ve-avocat, de pr\u00e9f\u00e9rence, pour rejoindre son d\u00e9partement r\u00e8glement des contentieux. Le stage, d&rsquo;une dur\u00e9e de quatre \u00e0 six mois, se d\u00e9roulera au sein de notre bureau de Nancy \u00e0 compter du premier semestre 2026.<\/p>\n<p style=\"text-align: justify;\">&#13;<br \/>\n\tVous rejoindrez une \u00e9quipe \u00e0 taille humaine compos\u00e9e d&rsquo;une vingtaine de professionnels dont 2 avocats en r\u00e8glement des contentieux.<\/p>\n<p style=\"text-align: justify;\">&#13;<br \/>\n\tVous pourrez d\u00e9couvrir et participer activement \u00e0 la gestion pr\u00e9contentieuse et contentieuse de diff\u00e9rends de natures diverses (droit commercial, droit p\u00e9nal des affaires, proc\u00e9dures collectives notamment). Vous serez amen\u00e9 \u00e0 r\u00e9diger des conclusions, des consultations juridiques, \u00e0 effectuer des recherches, \u00e0 contribuer \u00e0 la pr\u00e9paration et au suivi des audiences et ce, sous l&rsquo;encadrement bienveillant d&rsquo;avocats exp\u00e9riment\u00e9s.<\/p>\n<p style=\"text-align: justify;\">&#13;<br \/>\n\t<strong>Ce qui vous repr\u00e9sente :<\/strong><\/p>\n<p style=\"text-align: justify;\">&#13;<br \/>\n\tVous \u00eates actuellement en Master en Droit des Affaires (M2) ou \u00e9l\u00e8ve-avocat et \u00eates titulaire d&rsquo;une formation en proc\u00e9dure civile.<\/p>\n<p style=\"text-align: justify;\">&#13;<br \/>\n\tVous \u00eates motiv\u00e9(e) et rigoureux(se), dot\u00e9(e) de solides connaissances en droit des affaires et en proc\u00e9dure civile. L&rsquo;esprit d&rsquo;analyse et de synth\u00e8se, la capacit\u00e9 r\u00e9dactionnelle, l&rsquo;autonomie et le sens du travail en \u00e9quipe sont les qualit\u00e9s requises pour ce stage.<\/p>\n","protected":false},"excerpt":{"rendered":"Stage Droit des Soci\u00e9t\u00e9s &#8211; 1er semestre 2026 &#8211; Nancy H\/F Recruteur : Fidal Publi\u00e9 : 30\/12\/2025 R\u00e9gion&hellip;\n","protected":false},"author":2,"featured_media":621025,"comment_status":"","ping_status":"","sticky":false,"template":"","format":"standard","meta":{"footnotes":""},"categories":[9635],"tags":[1111,11,1777,674,1011,27,775,1702,12,25],"class_list":{"0":"post-630490","1":"post","2":"type-post","3":"status-publish","4":"format-standard","5":"has-post-thumbnail","7":"category-nancy","8":"tag-actu","9":"tag-actualites","10":"tag-eu","11":"tag-europe","12":"tag-fr","13":"tag-france","14":"tag-grand-est","15":"tag-nancy","16":"tag-news","17":"tag-republique-francaise"},"share_on_mastodon":{"url":"https:\/\/pubeurope.com\/@fr\/115810134057060787","error":""},"_links":{"self":[{"href":"https:\/\/www.europesays.com\/fr\/wp-json\/wp\/v2\/posts\/630490","targetHints":{"allow":["GET"]}}],"collection":[{"href":"https:\/\/www.europesays.com\/fr\/wp-json\/wp\/v2\/posts"}],"about":[{"href":"https:\/\/www.europesays.com\/fr\/wp-json\/wp\/v2\/types\/post"}],"author":[{"embeddable":true,"href":"https:\/\/www.europesays.com\/fr\/wp-json\/wp\/v2\/users\/2"}],"replies":[{"embeddable":true,"href":"https:\/\/www.europesays.com\/fr\/wp-json\/wp\/v2\/comments?post=630490"}],"version-history":[{"count":0,"href":"https:\/\/www.europesays.com\/fr\/wp-json\/wp\/v2\/posts\/630490\/revisions"}],"wp:featuredmedia":[{"embeddable":true,"href":"https:\/\/www.europesays.com\/fr\/wp-json\/wp\/v2\/media\/621025"}],"wp:attachment":[{"href":"https:\/\/www.europesays.com\/fr\/wp-json\/wp\/v2\/media?parent=630490"}],"wp:term":[{"taxonomy":"category","embeddable":true,"href":"https:\/\/www.europesays.com\/fr\/wp-json\/wp\/v2\/categories?post=630490"},{"taxonomy":"post_tag","embeddable":true,"href":"https:\/\/www.europesays.com\/fr\/wp-json\/wp\/v2\/tags?post=630490"}],"curies":[{"name":"wp","href":"https:\/\/api.w.org\/{rel}","templated":true}]}}