{"id":630491,"date":"2025-12-30T19:19:11","date_gmt":"2025-12-30T19:19:11","guid":{"rendered":"https:\/\/www.europesays.com\/fr\/630491\/"},"modified":"2025-12-30T19:19:11","modified_gmt":"2025-12-30T19:19:11","slug":"cet-ancien-elu-toulonnais-et-chirurgien-de-renom-est-decede","status":"publish","type":"post","link":"https:\/\/www.europesays.com\/fr\/630491\/","title":{"rendered":"cet ancien \u00e9lu toulonnais et chirurgien de renom est d\u00e9c\u00e9d\u00e9"},"content":{"rendered":"<p class=\"fs-5 \">La Ville de <strong>Toulon <\/strong>est en deuil. Ancien \u00e9lu municipal et m\u00e9decin reconnu, <strong>Michel Cameli<\/strong> est d\u00e9c\u00e9d\u00e9, laissant le souvenir d\u2019un homme d\u2019exception, engag\u00e9 toute sa vie au service des autres.<\/p>\n<p class=\"fs-5 \">Dans un hommage publi\u00e9 sur les r\u00e9seaux sociaux, <strong>Hubert Falco <\/strong>rappelle qu\u2019\u00ab\u00a0apr\u00e8s dix-huit ann\u00e9es au service de la ville de Toulon et de l\u2019int\u00e9r\u00eat g\u00e9n\u00e9ral, il avait quitt\u00e9 la politique en raison de ses probl\u00e8mes de sant\u00e9, luttant depuis des ann\u00e9es avec courage contre la maladie\u00a0\u00bb.<\/p>\n<p class=\"fs-5 \">Colistier lors de la campagne municipale de 2001 aux c\u00f4t\u00e9s de l\u2019ancien maire de Toulon, Michel Cameli avait ensuite occup\u00e9 pendant de nombreuses ann\u00e9es les fonctions d\u2019adjoint aux sports.<\/p>\n<p class=\"fs-5 \">\u00ab\u00a0C\u2019\u00e9tait un homme atypique, hors normes, iconoclaste, impr\u00e9visible mais g\u00e9n\u00e9reux, profond\u00e9ment humaniste, \u00f4 combien fid\u00e8le et d\u00e9vou\u00e9. Michel \u00e9tait un homme comme on en croise peu dans une vie. Je garde de lui un souvenir pr\u00e9cieux et ind\u00e9l\u00e9bile\u00a0\u00bb, souligne Hubert Falco.<\/p>\n<p>                                                                                Un docteur entre engagement et transmission<\/p>\n<p class=\"fs-5 \">M\u00e9decin de formation, Michel Cameli s\u2019est tr\u00e8s t\u00f4t distingu\u00e9 par l\u2019excellence de son parcours universitaire et professionnel.<\/p>\n<p class=\"fs-5 \">Professeur agr\u00e9g\u00e9 \u00e0 l\u2019<strong>\u00c9cole d\u2019application du service de sant\u00e9 de la Marine<\/strong>, il a enseign\u00e9 la <strong>chirurgie orthop\u00e9dique et traumatologique \u00e0 l\u2019h\u00f4pital Sainte-Anne <\/strong>de Toulon entre 1983 et 1994. Reconnu pour ses comp\u00e9tences scientifiques et p\u00e9dagogiques, il a form\u00e9 plusieurs g\u00e9n\u00e9rations de praticiens.<\/p>\n<p class=\"fs-5 \">Apr\u00e8s avoir quitt\u00e9 le service de sant\u00e9 des arm\u00e9es, il a poursuivi son activit\u00e9 dans le secteur civil, tout en continuant \u00e0 enseigner. Il s\u2019est notamment \u00ab\u00a0investi aupr\u00e8s des \u00e9l\u00e8ves infirmi\u00e8res de l\u2019\u00e9cole de la Croix-Rouge de Toulon et dans la formation de jeunes chirurgiens \u00e0 l\u2019international\u00a0\u00bb.<\/p>\n<p class=\"fs-5 \">Il est d\u2019ailleurs intervenu dans de nombreux pays, notamment en Arm\u00e9nie et en Afrique, \u00e0 <strong>Bangui<\/strong>, au <strong>Mali<\/strong> et au <strong>Maroc<\/strong>.<\/p>\n<p class=\"fs-5 \">Auteur de nombreuses publications scientifiques, il a particip\u00e9 \u00e0 de multiples colloques et enseign\u00e9 dans de nombreux cadres internationaux.<\/p>\n<p class=\"fs-5 \">Son engagement humanitaire fut l\u2019un des fils conducteurs de sa vie. \u00ab\u00a0Il op\u00e9rait b\u00e9n\u00e9volement en Arm\u00e9nie et \u00e9tait professeur Honoris Causa de l\u2019universit\u00e9 d\u2019Erevan, o\u00f9 il a op\u00e9r\u00e9 et enseign\u00e9 r\u00e9guli\u00e8rement, tant que sa sant\u00e9 le lui permettait\u00a0\u00bb, ajoute l\u2019ancien maire de Toulon.<\/p>\n<p>                                                                                Des distinctions pour son parcours<\/p>\n<p class=\"fs-5 \">Michel Cameli a \u00e9t\u00e9 d\u00e9cor\u00e9 \u00e0 plusieurs reprises pour l\u2019ensemble de son parcours. Il a \u00e9t\u00e9 promu officier dans l\u2019ordre des Palmes acad\u00e9miques en f\u00e9vrier 2003, chevalier de la L\u00e9gion d\u2019honneur et officier de l\u2019ordre national du M\u00e9rite.<\/p>\n<p class=\"fs-5 \">\u00ab\u00a0Et pourtant, bien qu\u2019il f\u00fbt un puits de sciences et de culture, nul n\u2019\u00e9tait plus \u00e0 l\u2019aise que lui sur les gradins du stade de Bon Rencontre, \u00e0 discuter avec les jeunes de la cit\u00e9, en utilisant leurs codes et leur vocabulaire. <\/p>\n<p class=\"fs-5 \">On pouvait tout aussi bien le croiser en s\u00e9ance du conseil municipal que sur un th\u00e9\u00e2tre de guerre, en op\u00e9ration humanitaire, ou encore dans le centre culturel d\u2019une banlieue d\u00e9favoris\u00e9e\u00a0\u00bb, conclut Hubert Falco.<\/p>\n<p class=\"fs-5 \">De son c\u00f4t\u00e9, <strong>Philippe Vitel<\/strong> a \u00e9galement rendu hommage \u00e0 son confr\u00e8re, qui fut son d\u00e9put\u00e9 suppl\u00e9ant de 2002 \u00e0 2012\u00a0: \u00ab\u00a0J\u2019appr\u00e9ciais son intelligence, son \u00e9rudition, son charisme, sa qualit\u00e9 d\u2019\u00e9coute et de dialogue, avec en permanence un humour parfois ravageur. \u00a0\u00bb<\/p>\n<p class=\"fs-5 \">\u00c0 l\u2019ensemble de ses proches, Var-matin adresse ses plus sinc\u00e8res condol\u00e9ances.<\/p>\n","protected":false},"excerpt":{"rendered":"La Ville de Toulon est en deuil. Ancien \u00e9lu municipal et m\u00e9decin reconnu, Michel Cameli est d\u00e9c\u00e9d\u00e9, laissant&hellip;\n","protected":false},"author":2,"featured_media":630492,"comment_status":"","ping_status":"","sticky":false,"template":"","format":"standard","meta":{"footnotes":""},"categories":[9619],"tags":[1111,11,1777,674,1011,27,12,882,25,2310],"class_list":{"0":"post-630491","1":"post","2":"type-post","3":"status-publish","4":"format-standard","5":"has-post-thumbnail","7":"category-toulon","8":"tag-actu","9":"tag-actualites","10":"tag-eu","11":"tag-europe","12":"tag-fr","13":"tag-france","14":"tag-news","15":"tag-provence-alpes-cote-dazur","16":"tag-republique-francaise","17":"tag-toulon"},"share_on_mastodon":{"url":"https:\/\/pubeurope.com\/@fr\/115810139487074633","error":""},"_links":{"self":[{"href":"https:\/\/www.europesays.com\/fr\/wp-json\/wp\/v2\/posts\/630491","targetHints":{"allow":["GET"]}}],"collection":[{"href":"https:\/\/www.europesays.com\/fr\/wp-json\/wp\/v2\/posts"}],"about":[{"href":"https:\/\/www.europesays.com\/fr\/wp-json\/wp\/v2\/types\/post"}],"author":[{"embeddable":true,"href":"https:\/\/www.europesays.com\/fr\/wp-json\/wp\/v2\/users\/2"}],"replies":[{"embeddable":true,"href":"https:\/\/www.europesays.com\/fr\/wp-json\/wp\/v2\/comments?post=630491"}],"version-history":[{"count":0,"href":"https:\/\/www.europesays.com\/fr\/wp-json\/wp\/v2\/posts\/630491\/revisions"}],"wp:featuredmedia":[{"embeddable":true,"href":"https:\/\/www.europesays.com\/fr\/wp-json\/wp\/v2\/media\/630492"}],"wp:attachment":[{"href":"https:\/\/www.europesays.com\/fr\/wp-json\/wp\/v2\/media?parent=630491"}],"wp:term":[{"taxonomy":"category","embeddable":true,"href":"https:\/\/www.europesays.com\/fr\/wp-json\/wp\/v2\/categories?post=630491"},{"taxonomy":"post_tag","embeddable":true,"href":"https:\/\/www.europesays.com\/fr\/wp-json\/wp\/v2\/tags?post=630491"}],"curies":[{"name":"wp","href":"https:\/\/api.w.org\/{rel}","templated":true}]}}