{"id":630495,"date":"2025-12-30T19:21:10","date_gmt":"2025-12-30T19:21:10","guid":{"rendered":"https:\/\/www.europesays.com\/fr\/630495\/"},"modified":"2025-12-30T19:21:10","modified_gmt":"2025-12-30T19:21:10","slug":"couteau-de-survie-et-lame-ouverte-montpellier-sous-vigilance-face-aux-armes","status":"publish","type":"post","link":"https:\/\/www.europesays.com\/fr\/630495\/","title":{"rendered":"Couteau de survie et lame ouverte, Montpellier sous vigilance face aux armes"},"content":{"rendered":"<p>                    Par<br \/>\n        <strong><br \/>\n            <a href=\"https:\/\/actu.fr\/auteur\/lea-pippinato\" title=\"Consulter tous les articles de L\u00e9a Pippinato\" target=\"_blank\" rel=\"noopener\">L\u00e9a Pippinato<\/a><br \/>\n                    <\/strong><\/p>\n<p>        Publi\u00e9 le<\/p>\n<p>            30 d\u00e9c. 2025 \u00e0 18h57        <\/p>\n<p><strong>Ce vendredi 26 d\u00e9cembre 2025<\/strong> \u00e0 15h15, les agents de s\u00e9curit\u00e9 du centre commercial Odysseum interpellent un adolescent pour le vol d\u2019un tee-shirt. Le jeune homme a remis l\u2019article \u00e0 un complice avant d\u2019\u00eatre retenu. La police nationale arrive sur place \u00e0 la demande des agents.<\/p>\n<p>    <a href=\"https:\/\/www.google.com\/maps\/embed?pb=!1m18!1m12!1m3!1d2889.1272242066625!2d3.916767776459655!3d43.603892571104474!2m3!1f0!2f0!3f0!3m2!1i1024!2i768!4f13.1!3m3!1m2!1s0x12b6a57ae94a4975%3A0x4aefffe966107fd2!2sCentre%20commercial%20Odysseum!5e0!3m2!1sfr!2sfr!4v1767115956919!5m2!1sfr!2sfr\" title=\"Ouvrie le lien\" target=\"_blank\" rel=\"noopener\">Cliquez ici pour visualiser le contenu<\/a><\/p>\n<p class=\" wall-content\">Lors de la fouille, les policiers d\u00e9couvrent dans sa sacoche un couteau \u00e0 cran d\u2019arr\u00eat. La lame se trouve en position ouverte. Le mineur, \u00e2g\u00e9 de 16 ans, explique avoir oubli\u00e9 de la replier. Il indique venir d\u2019Avignon et \u00eatre venu \u00e0 Montpellier pour faire quelques courses. Le jeune est entendu puis remis en libert\u00e9. Le couteau est saisi par les forces de l\u2019ordre. Il sera conserv\u00e9 afin d\u2019\u00eatre d\u00e9truit, conform\u00e9ment \u00e0 la proc\u00e9dure.<\/p>\n<p>Un couteau \u00ab\u00a0zombie\u00a0\u00bb lors d\u2019un contr\u00f4le de tramway<\/p>\n<p class=\" wall-content\">Une autre affaire marque la m\u00eame p\u00e9riode. Hier, \u00e0 10h15, la police m\u00e9tropolitaine des transports (PMT) proc\u00e8de \u00e0 un contr\u00f4le \u00e0 la station de tramway Yves du Manoir, sur la ligne 5. Les agents abordent un jeune homme de 19 ans sans titre de transport. La fouille r\u00e9v\u00e8le un couteau dit \u00ab\u00a0zombie\u00a0\u00bb, aussi appel\u00e9 couteau de survie. L\u2019objet poss\u00e8de une lame de 23 centim\u00e8tres. Un c\u00f4t\u00e9 est tranchant, l\u2019autre dentel\u00e9. Ce type d\u2019arme appartient <a href=\"https:\/\/www.service-public.gouv.fr\/particuliers\/vosdroits\/F31877\" target=\"_blank\" rel=\"noopener\">\u00e0 la cat\u00e9gorie A1 de la classification<\/a>, au m\u00eame titre que les machettes et coutelas \u00e0 lame fixe.<\/p>\n<p>    <a href=\"https:\/\/www.google.com\/maps\/embed?pb=!1m18!1m12!1m3!1d5779.452266795634!2d3.8460122764590645!3d43.59142047110513!2m3!1f0!2f0!3f0!3m2!1i1024!2i768!4f13.1!3m3!1m2!1s0x12b6ae3f6f155b19%3A0x65f4b393304efccd!2sYves%20du%20Manoir!5e0!3m2!1sfr!2sfr!4v1767115974806!5m2!1sfr!2sfr\" title=\"Ouvrie le lien\" target=\"_blank\" rel=\"noopener\">Cliquez ici pour visualiser le contenu<\/a><\/p>\n<p>Vid\u00e9os : en ce moment sur Actu<\/p>\n<p class=\" wall-content\">Le jeune homme est plac\u00e9 en garde \u00e0 vue. Il reconna\u00eet les faits et d\u00e9clare que le couteau est un cadeau offert par son p\u00e8re quelques instants auparavant. L\u2019arme est imm\u00e9diatement d\u00e9truite. \u00c0 l\u2019issue de la garde \u00e0 vue, le jeune homme est d\u00e9f\u00e9r\u00e9 <strong>ce mardi 30 d\u00e9cembre<\/strong> au parquet de Montpellier et re\u00e7oit une convocation par proc\u00e8s-verbal (CPPV).\u00a0<\/p>\n<p class=\" wall-content\">Personnalisez votre actualit\u00e9 en ajoutant vos villes et m\u00e9dias en favori avec <a href=\"https:\/\/moncompte.actu.fr\" title=\"D\u00e9couvez Mon Actu\" rel=\"nofollow noopener\" data-trk=\"{&quot;cta&quot;:{&quot;action&quot;:&quot;https:\\\/\\\/moncompte.actu.fr&quot;,&quot;category&quot;:&quot;mon compte&quot;,&quot;from&quot;:&quot;article footer&quot;,&quot;name&quot;:&quot;Mon actu&quot;,&quot;type&quot;:&quot;cta&quot;}}\" target=\"_blank\">Mon Actu<\/a>.<\/p>\n","protected":false},"excerpt":{"rendered":"Par L\u00e9a Pippinato Publi\u00e9 le 30 d\u00e9c. 2025 \u00e0 18h57 Ce vendredi 26 d\u00e9cembre 2025 \u00e0 15h15, les&hellip;\n","protected":false},"author":2,"featured_media":630496,"comment_status":"","ping_status":"","sticky":false,"template":"","format":"standard","meta":{"footnotes":""},"categories":[9599],"tags":[1111,11,1777,674,118,1011,27,303,2208,12,2680,1072,25,2803],"class_list":{"0":"post-630495","1":"post","2":"type-post","3":"status-publish","4":"format-standard","5":"has-post-thumbnail","7":"category-montpellier","8":"tag-actu","9":"tag-actualites","10":"tag-eu","11":"tag-europe","12":"tag-faits-divers","13":"tag-fr","14":"tag-france","15":"tag-justice","16":"tag-montpellier","17":"tag-news","18":"tag-occitanie","19":"tag-police","20":"tag-republique-francaise","21":"tag-transport"},"share_on_mastodon":{"url":"","error":""},"_links":{"self":[{"href":"https:\/\/www.europesays.com\/fr\/wp-json\/wp\/v2\/posts\/630495","targetHints":{"allow":["GET"]}}],"collection":[{"href":"https:\/\/www.europesays.com\/fr\/wp-json\/wp\/v2\/posts"}],"about":[{"href":"https:\/\/www.europesays.com\/fr\/wp-json\/wp\/v2\/types\/post"}],"author":[{"embeddable":true,"href":"https:\/\/www.europesays.com\/fr\/wp-json\/wp\/v2\/users\/2"}],"replies":[{"embeddable":true,"href":"https:\/\/www.europesays.com\/fr\/wp-json\/wp\/v2\/comments?post=630495"}],"version-history":[{"count":0,"href":"https:\/\/www.europesays.com\/fr\/wp-json\/wp\/v2\/posts\/630495\/revisions"}],"wp:featuredmedia":[{"embeddable":true,"href":"https:\/\/www.europesays.com\/fr\/wp-json\/wp\/v2\/media\/630496"}],"wp:attachment":[{"href":"https:\/\/www.europesays.com\/fr\/wp-json\/wp\/v2\/media?parent=630495"}],"wp:term":[{"taxonomy":"category","embeddable":true,"href":"https:\/\/www.europesays.com\/fr\/wp-json\/wp\/v2\/categories?post=630495"},{"taxonomy":"post_tag","embeddable":true,"href":"https:\/\/www.europesays.com\/fr\/wp-json\/wp\/v2\/tags?post=630495"}],"curies":[{"name":"wp","href":"https:\/\/api.w.org\/{rel}","templated":true}]}}