{"id":630503,"date":"2025-12-30T19:25:17","date_gmt":"2025-12-30T19:25:17","guid":{"rendered":"https:\/\/www.europesays.com\/fr\/630503\/"},"modified":"2025-12-30T19:25:17","modified_gmt":"2025-12-30T19:25:17","slug":"ce-mercredi-plongez-dans-les-coulisses-de-la-vence-scene","status":"publish","type":"post","link":"https:\/\/www.europesays.com\/fr\/630503\/","title":{"rendered":"Ce mercredi, plongez dans les coulisses de la Vence Sc\u00e8ne"},"content":{"rendered":"<p>Ce mercredi 31\u00a0d\u00e9cembre, pour terminer l\u2019ann\u00e9e 2025 en beaut\u00e9, d\u00e9couvrez l\u2019envers du d\u00e9cor de La Vence Sc\u00e8ne\u00a0! Du hall d\u2019entr\u00e9e aux coulisses, en passant par les deux salles obscures, la cabine de projection, l\u2019espace sc\u00e9nique, l\u2019espace convivialit\u00e9 et la billetterie, vous \u00eates invit\u00e9s \u00e0 d\u00e9couvrir les coulisses de cet \u00e9quipement culturel, \u00e0 travers un parcours comment\u00e9 et ludique.<\/p>\n<p class=\"note\">\u00c0 10\u00a0h\u00a015 mercredi 31\u00a0d\u00e9cembre (1\u00a0h\u00a015 de visite). D\u00e8s 8 ans. Gratuit sur r\u00e9servation (places limit\u00e9es) au 04\u00a076\u00a056\u00a053\u00a018 ou culturel@mairie-st-egreve.fr<\/p>\n","protected":false},"excerpt":{"rendered":"Ce mercredi 31\u00a0d\u00e9cembre, pour terminer l\u2019ann\u00e9e 2025 en beaut\u00e9, d\u00e9couvrez l\u2019envers du d\u00e9cor de La Vence Sc\u00e8ne\u00a0! Du&hellip;\n","protected":false},"author":2,"featured_media":630504,"comment_status":"","ping_status":"","sticky":false,"template":"","format":"standard","meta":{"footnotes":""},"categories":[9566],"tags":[1111,11,2430,1687,112,1777,674,1011,27,2731,12,25,275,276],"class_list":{"0":"post-630503","1":"post","2":"type-post","3":"status-publish","4":"format-standard","5":"has-post-thumbnail","7":"category-grenoble","8":"tag-actu","9":"tag-actualites","10":"tag-auvergne-rhone-alpes","11":"tag-culture-loisirs","12":"tag-edition-grenoble-agglomeration","13":"tag-eu","14":"tag-europe","15":"tag-fr","16":"tag-france","17":"tag-grenoble","18":"tag-news","19":"tag-republique-francaise","20":"tag-saint-egreve","21":"tag-saint-egreve-et-autour"},"share_on_mastodon":{"url":"https:\/\/pubeurope.com\/@fr\/115810161387665896","error":""},"_links":{"self":[{"href":"https:\/\/www.europesays.com\/fr\/wp-json\/wp\/v2\/posts\/630503","targetHints":{"allow":["GET"]}}],"collection":[{"href":"https:\/\/www.europesays.com\/fr\/wp-json\/wp\/v2\/posts"}],"about":[{"href":"https:\/\/www.europesays.com\/fr\/wp-json\/wp\/v2\/types\/post"}],"author":[{"embeddable":true,"href":"https:\/\/www.europesays.com\/fr\/wp-json\/wp\/v2\/users\/2"}],"replies":[{"embeddable":true,"href":"https:\/\/www.europesays.com\/fr\/wp-json\/wp\/v2\/comments?post=630503"}],"version-history":[{"count":0,"href":"https:\/\/www.europesays.com\/fr\/wp-json\/wp\/v2\/posts\/630503\/revisions"}],"wp:featuredmedia":[{"embeddable":true,"href":"https:\/\/www.europesays.com\/fr\/wp-json\/wp\/v2\/media\/630504"}],"wp:attachment":[{"href":"https:\/\/www.europesays.com\/fr\/wp-json\/wp\/v2\/media?parent=630503"}],"wp:term":[{"taxonomy":"category","embeddable":true,"href":"https:\/\/www.europesays.com\/fr\/wp-json\/wp\/v2\/categories?post=630503"},{"taxonomy":"post_tag","embeddable":true,"href":"https:\/\/www.europesays.com\/fr\/wp-json\/wp\/v2\/tags?post=630503"}],"curies":[{"name":"wp","href":"https:\/\/api.w.org\/{rel}","templated":true}]}}