{"id":630509,"date":"2025-12-30T19:30:24","date_gmt":"2025-12-30T19:30:24","guid":{"rendered":"https:\/\/www.europesays.com\/fr\/630509\/"},"modified":"2025-12-30T19:30:24","modified_gmt":"2025-12-30T19:30:24","slug":"alsace-moins-daffluence-aux-marches-de-noel-de-strasbourg-et-colmar-des-plus-petits-en-profitent","status":"publish","type":"post","link":"https:\/\/www.europesays.com\/fr\/630509\/","title":{"rendered":"Alsace. Moins d\u2019affluence aux march\u00e9s de No\u00ebl de Strasbourg et Colmar, des plus petits en profitent"},"content":{"rendered":"<p>Le pic de 3,4\u00a0millions de visiteurs enregistr\u00e9 en 2024 \u00e0 Strasbourg ne sera pas battu cette ann\u00e9e. Et c\u2019est plut\u00f4t une bonne nouvelle pour (presque) tout le monde. Le march\u00e9 de No\u00ebl de Strasbourg est dans \u00ab\u00a0une phase d\u2019\u00e9quilibrage\u00a0\u00bb, analysait Guillaume Libsig, adjoint \u00e0 la maire en charge des animations urbaines, le 24\u00a0d\u00e9cembre au soir. \u00ab\u00a0Si on se stabilise \u00e0 3\u00a0millions de visiteurs, \u00e7a sera le juste partage entre le citoyen et le touriste.\u00a0\u00bb<\/p>\n<p>En d\u00e9pit de l\u2019absence de chiffres consolid\u00e9s, la tendance dans la capitale de No\u00ebl est clairement \u00e0 <a href=\"https:\/\/www.dna.fr\/culture-loisirs\/2025\/12\/21\/frequentation-et-consommation-en-baisse-le-marche-de-noel-2025-fait-un-premier-bilan\" target=\"_blank\" rel=\"noopener\">\u00ab\u00a0un ralentissement de la fr\u00e9quentation\u00a0\u00bb<\/a> qui a \u00e9t\u00e9 \u00ab\u00a0bonne, sans \u00eatre exceptionnelle\u00a0\u00bb, selon l\u2019\u00e9lu. Hormis les week-ends, on a pu d\u00e9ambuler de mani\u00e8re \u00ab\u00a0plus fluide et plus apais\u00e9e\u00a0\u00bb dans les rues et sur les places recouvertes de chalets.<\/p>\n<p>Du c\u00f4t\u00e9 des commer\u00e7ants, ce tassement se v\u00e9rifie dans le livre de compte. Un g\u00e9rant de chalet install\u00e9 place Broglie d\u00e9plore une baisse de recettes de 10 \u00e0 20\u00a0% par rapport \u00e0 2024. Des pertes pas sans lien avec le changement d\u2019horaires\u00a0: \u00ab\u00a0En ouvrant \u00e0 11\u00a0h\u00a030, on perd la fr\u00e9quentation du matin. Du coup tout le monde vient \u00e0 14\u00a0h\u00a0\u00bb, maugr\u00e9e le marchand. Autre facteur d\u2019explication\u00a0: des clients plus regardants \u00e0 la d\u00e9pense du fait d\u2019un pouvoir d\u2019achat en berne.<\/p>\n<p>    &#13;<br \/>\n    &#13;<br \/>\n    &#13;<br \/>\n    <a href=\"https:\/\/cdn-s-www.dna.fr\/images\/5ec6d588-8861-4568-a8a4-e094cf11468c\/NW_raw\/une-commercante-dans-un-chalet-du-marche-de-noel-de-haguenau-le-28-decembre-2025-photo-thomas-toussaint-1767121689.jpg\" title=\"Une commer\u00e7ante dans un chalet du march\u00e9 de No\u00ebl de Haguenau, le 28\u00a0d\u00e9cembre 2025. \u00a0 Photo\u00a0Thomas Toussaint\" class=\"chocolat-image GA-tracking\" data-ga_type=\"click\" data-ga_category=\"D\u00e9tail\" data-ga_action=\"zoomer\" data-ga_label=\"aggrandir image\" target=\"_blank\" rel=\"noopener\">&#13;<br \/>\n        <img src=\"https:\/\/www.europesays.com\/fr\/wp-content\/uploads\/2025\/12\/une-commercante-dans-un-chalet-du-marche-de-noel-de-haguenau-le-28-decembre-2025-photo-thomas-toussa.jpeg\"   alt=\"Une commer\u00e7ante dans un chalet du march\u00e9 de No\u00ebl de Haguenau, le 28\u00a0d\u00e9cembre 2025. \u00a0 Photo\u00a0Thomas Toussaint\" fetchpriority=\"high\" decoding=\"async\" data-mobile=\"NW_listA_M|1767121689\" data-base=\"NW_listA|1767121689\"\/>&#13;<br \/>\n    <\/a>&#13;<\/p>\n<p> Une commer\u00e7ante dans un chalet du march\u00e9 de No\u00ebl de Haguenau, le 28\u00a0d\u00e9cembre 2025. \u00a0 Photo\u00a0Thomas Toussaint <\/p>\n<p>  \u00c0 Haguenau, la carte de la convivialit\u00e9<\/p>\n<p>La baisse du panier moyen agit comme une lame de fond du nord au sud de la r\u00e9gion. \u00c0 Haguenau par exemple, la soixantaine d\u2019exposants n\u2019a pas trop mal travaill\u00e9 \u00ab\u00a0vu la conjoncture\u00a0\u00bb d\u00e9favorable. \u00ab\u00a0C\u2019est moins bien que l\u2019an pass\u00e9 mais ce n\u2019est pas catastrophique\u00a0\u00bb, r\u00e9sume un vendeur de boissons chaudes. Avec son march\u00e9 de No\u00ebl \u00ab\u00a0\u00e0 taille humaine\u00a0\u00bb, la cit\u00e9 du Houblon mise sur <a href=\"https:\/\/www.dna.fr\/culture-loisirs\/2025\/12\/28\/au-marche-de-noel-des-exposants-globalement-satisfaits\" target=\"_blank\" rel=\"noopener\">la carte de la convivialit\u00e9<\/a> pour soigner ses visiteurs. Et la recette fonctionne. \u00ab\u00a0Ind\u00e9niablement, on a du report des march\u00e9s de Strasbourg et Colmar. Les gens nous le disent\u00a0: certains sont lass\u00e9s de Strasbourg\u00a0\u00bb, confirme Christine Wendling, directrice de la Maison des associations. Outre les locaux, de plus en plus de touristes \u00e9trangers sont s\u00e9duits.<\/p>\n<p>    &#13;<br \/>\n    &#13;<br \/>\n    &#13;<br \/>\n    <a href=\"https:\/\/cdn-s-www.dna.fr\/images\/7080cc25-ff4c-42c6-9879-9eac10510fbc\/NW_raw\/place-d-armes-a-selestat-photo-jean-paul-kaiser-1767121689.jpg\" title=\"Place d\u2019Armes \u00e0 S\u00e9lestat. \u00a0 Photo\u00a0Jean-Paul Kaiser\" class=\"chocolat-image GA-tracking\" data-ga_type=\"click\" data-ga_category=\"D\u00e9tail\" data-ga_action=\"zoomer\" data-ga_label=\"aggrandir image\" target=\"_blank\" rel=\"noopener\">&#13;<br \/>\n        <img src=\"https:\/\/www.europesays.com\/fr\/wp-content\/uploads\/2025\/12\/place-d-armes-a-selestat-photo-jean-paul-kaiser-1767121689.jpg\"   alt=\"Place d\u2019Armes \u00e0 S\u00e9lestat. \u00a0 Photo\u00a0Jean-Paul Kaiser\" fetchpriority=\"high\" decoding=\"async\" data-mobile=\"NW_listA_M|1767121689\" data-base=\"NW_listA|1767121689\"\/>&#13;<br \/>\n    <\/a>&#13;<\/p>\n<p> Place d\u2019Armes \u00e0 S\u00e9lestat. \u00a0 Photo\u00a0Jean-Paul Kaiser <\/p>\n<p>  \u00c0 S\u00e9lestat, l\u2019attrait des expos gratuites<\/p>\n<p>Espagnol, italien, flamand, allemand\u2026 On a aussi entendu parler plein de langues \u00e0 S\u00e9lestat, o\u00f9 la fr\u00e9quentation s\u2019annonce stable, autour d\u2019un demi-million de visiteurs. Les expositions gratuites organis\u00e9es \u00e0 la Biblioth\u00e8que humaniste, sur la tradition du sapin ou les boules de Meisenthal, ont cartonn\u00e9.<\/p>\n<p>    &#13;<br \/>\n    &#13;<br \/>\n    &#13;<br \/>\n    <a href=\"https:\/\/cdn-s-www.dna.fr\/images\/a9c206b2-f5de-456e-b0a8-fe32df0cfc1d\/NW_raw\/la-place-du-marche-a-obernai-dimanche-21-decembre-2025-peu-avant-la-tombee-de-la-nuit-photo-guillaume-muller-1767121689.jpg\" title=\"La place du March\u00e9 \u00e0 Obernai, dimanche 21\u00a0d\u00e9cembre 2025, peu avant la tomb\u00e9e de la nuit. \u00a0 Photo\u00a0Guillaume Muller\" class=\"chocolat-image GA-tracking\" data-ga_type=\"click\" data-ga_category=\"D\u00e9tail\" data-ga_action=\"zoomer\" data-ga_label=\"aggrandir image\" target=\"_blank\" rel=\"noopener\">&#13;<br \/>\n        <img src=\"https:\/\/www.europesays.com\/fr\/wp-content\/uploads\/2025\/12\/la-place-du-marche-a-obernai-dimanche-21-decembre-2025-peu-avant-la-tombee-de-la-nuit-photo-guillaum.jpeg\"   alt=\"La place du March\u00e9 \u00e0 Obernai, dimanche 21\u00a0d\u00e9cembre 2025, peu avant la tomb\u00e9e de la nuit. \u00a0 Photo\u00a0Guillaume Muller\" fetchpriority=\"high\" decoding=\"async\" data-mobile=\"NW_listA_M|1767121689\" data-base=\"NW_listA|1767121689\"\/>&#13;<br \/>\n    <\/a>&#13;<\/p>\n<p> La place du March\u00e9 \u00e0 Obernai, dimanche 21\u00a0d\u00e9cembre 2025, peu avant la tomb\u00e9e de la nuit. \u00a0 Photo\u00a0Guillaume Muller <\/p>\n<p>  \u00c0 Obernai, plus de monde en semaine<\/p>\n<p>Les touristes \u00e9trangers, Espagnols en t\u00eate, ont, comme les ann\u00e9es pr\u00e9c\u00e9dentes, bien rempli le centre-ville d\u2019Obernai. <a href=\"https:\/\/www.dna.fr\/culture-loisirs\/2025\/12\/30\/apres-le-boom-post-covid-le-marche-de-noel-a-stabilise-sa-frequentation-en-2025-malgre-une-baisse-le-week-end\" target=\"_blank\" rel=\"noopener\">L\u2019affluence s\u2019est stabilis\u00e9e apr\u00e8s plusieurs ann\u00e9es de forte hausse en sortie de Covid<\/a>. Cette \u00e9dition 2025, qualifi\u00e9e de \u00ab\u00a0tr\u00e8s satisfaisante\u00a0\u00bb par le maire Bernard Fischer en attendant les chiffres officiels, se singularise par un <a href=\"https:\/\/www.dna.fr\/culture-loisirs\/2025\/12\/16\/le-matin-ca-depend-beaucoup-des-bus-au-marche-de-noel-une-frequentation-aleatoire-en-debut-de-journee\" target=\"_blank\" rel=\"noopener\">meilleur lissage de la fr\u00e9quentation<\/a> \u00a0: moins de monde le week-end, davantage en semaine. Un vendeur de galettes de pommes de terre a trouv\u00e9 que \u00ab\u00a0les \u00e9trangers consomment bien, les Fran\u00e7ais consomment moins\u00a0\u00bb. Dans l\u2019ensemble, les commer\u00e7ants d\u2019Obernai ne sont pas m\u00e9contents.<\/p>\n<p>    &#13;<br \/>\n    &#13;<br \/>\n    &#13;<br \/>\n    <a href=\"https:\/\/cdn-s-www.dna.fr\/images\/567ff5f1-e5ee-4417-bd3b-a5a8d29b1eca\/NW_raw\/place-de-la-reunion-a-mulhouse-les-clients-se-pressent-au-stand-d-une-vendeuse-de-saucisses-le-23-decembre-2025-photo-antonin-utz-1767121689.jpg\" title=\"Place de la R\u00e9union \u00e0 Mulhouse, les clients se pressent au stand d\u2019une vendeuse de saucisses le 23\u00a0d\u00e9cembre 2025. \u00a0 Photo\u00a0Antonin Utz\" class=\"chocolat-image GA-tracking\" data-ga_type=\"click\" data-ga_category=\"D\u00e9tail\" data-ga_action=\"zoomer\" data-ga_label=\"aggrandir image\" target=\"_blank\" rel=\"noopener\">&#13;<br \/>\n        <img src=\"https:\/\/www.europesays.com\/fr\/wp-content\/uploads\/2025\/12\/place-de-la-reunion-a-mulhouse-les-clients-se-pressent-au-stand-d-une-vendeuse-de-saucisses-le-23-de.jpeg\"   alt=\"Place de la R\u00e9union \u00e0 Mulhouse, les clients se pressent au stand d\u2019une vendeuse de saucisses le 23\u00a0d\u00e9cembre 2025. \u00a0 Photo\u00a0Antonin Utz\" fetchpriority=\"high\" decoding=\"async\" data-mobile=\"NW_listA_M|1767121689\" data-base=\"NW_listA|1767121689\"\/>&#13;<br \/>\n    <\/a>&#13;<\/p>\n<p> Place de la R\u00e9union \u00e0 Mulhouse, les clients se pressent au stand d\u2019une vendeuse de saucisses le 23\u00a0d\u00e9cembre 2025. \u00a0 Photo\u00a0Antonin Utz <\/p>\n<p>  \u00c0 Mulhouse, la gastronomie plut\u00f4t que les d\u00e9cos<\/p>\n<p>Le march\u00e9 de No\u00ebl de Mulhouse a fait le plein, la place de la R\u00e9union ne d\u00e9semplissant pas en particulier le soir et le week-end. Les locaux se sont m\u00eal\u00e9s aux Espagnols venus en car, aux Allemands et aux Suisses, dans les files d\u2019attente des <a href=\"https:\/\/www.dna.fr\/culture-loisirs\/2025\/12\/27\/dernier-jour-du-marche-de-noel-avec-un-bilan-positif-mais-avec-des-nuances\" target=\"_blank\" rel=\"noopener\">stands de vin chaud, de saucisses, de spaetzle ou de gaufres<\/a>. Au grand dam de ce commer\u00e7ant sp\u00e9cialis\u00e9 dans les d\u00e9corations de No\u00ebl\u00a0: \u00ab\u00a0Les gens ont privil\u00e9gi\u00e9 la gastronomie plut\u00f4t que les petits cadeaux.\u00a0\u00bb<\/p>\n<p>    &#13;<br \/>\n    &#13;<br \/>\n    &#13;<br \/>\n    <a href=\"https:\/\/cdn-s-www.dna.fr\/images\/cec3942f-b5a3-46db-a267-142b26bcebeb\/NW_raw\/dans-les-allees-noires-de-monde-du-marche-de-noel-de-colmar-le-28-decembre-2025-photo-nicolas-pinot-1767121689.jpg\" title=\"Dans les all\u00e9es noires de monde du march\u00e9 de No\u00ebl de Colmar, le 28\u00a0d\u00e9cembre 2025. \u00a0 Photo\u00a0Nicolas Pinot\" class=\"chocolat-image GA-tracking\" data-ga_type=\"click\" data-ga_category=\"D\u00e9tail\" data-ga_action=\"zoomer\" data-ga_label=\"aggrandir image\" target=\"_blank\" rel=\"noopener\">&#13;<br \/>\n        <img src=\"https:\/\/www.europesays.com\/fr\/wp-content\/uploads\/2025\/12\/dans-les-allees-noires-de-monde-du-marche-de-noel-de-colmar-le-28-decembre-2025-photo-nicolas-pinot-.jpeg\"   alt=\"Dans les all\u00e9es noires de monde du march\u00e9 de No\u00ebl de Colmar, le 28\u00a0d\u00e9cembre 2025. \u00a0 Photo\u00a0Nicolas Pinot\" fetchpriority=\"high\" decoding=\"async\" data-mobile=\"NW_listA_M|1767121689\" data-base=\"NW_listA|1767121689\"\/>&#13;<br \/>\n    <\/a>&#13;<\/p>\n<p> Dans les all\u00e9es noires de monde du march\u00e9 de No\u00ebl de Colmar, le 28\u00a0d\u00e9cembre 2025. \u00a0 Photo\u00a0Nicolas Pinot <\/p>\n<p>  \u00c0 Colmar, l\u2019essor des transports en commun<\/p>\n<p>\u00c0 Colmar, un premier bilan provisoire sugg\u00e9rait <a href=\"https:\/\/www.dna.fr\/economie\/2025\/12\/30\/cote-exposants-des-marches-de-noel-un-bon-cru-malgre-une-legere-baisse-de-frequentation\" target=\"_blank\" rel=\"noopener\">une fr\u00e9quentation stable, mais qui se replie l\u00e9g\u00e8rement le week-end<\/a>. \u00ab\u00a0La baisse a m\u00eame \u00e9t\u00e9 assez forte les deux premiers dimanches, en raison du mauvais temps\u00a0\u00bb, admettait le maire \u00c9ric Straumann. Le deuxi\u00e8me samedi, en revanche, \u00ab\u00a0a battu des records\u00a0\u00bb. Gr\u00e2ce au succ\u00e8s du march\u00e9 gourmand, devenu \u00ab\u00a0le rendez-vous des Colmariens\u00a0\u00bb sous la grande roue, et aux installations de la place Rapp, les flux sont \u00ab\u00a0mieux r\u00e9partis\u00a0\u00bb et on respire (un peu) mieux au milieu de la foule.<\/p>\n<p>Autre enseignement, le trafic routier s\u2019est partiellement report\u00e9 vers les transports en commun, contribuant \u00e0 d\u00e9congestionner <a href=\"https:\/\/www.dna.fr\/economie\/2025\/12\/13\/marches-de-noel-aux-cotes-des-gendarmes-dans-le-trafic-surcharge-de-l-autoroute-a35\" target=\"_blank\" rel=\"noopener\">la RD83 entre Colmar et S\u00e9lestat<\/a>. \u00ab\u00a0On enregistre une hausse de 50\u00a0% du nombre de passagers sur les lignes Trace qui desservent les villages alentour\u00a0\u00bb, se f\u00e9licite le maire, qui y voit un effet de la mise en place dans les bus de bornes permettant le paiement direct par carte bancaire.<\/p>\n<p>    &#13;<br \/>\n    &#13;<br \/>\n    &#13;<br \/>\n    <a href=\"https:\/\/cdn-s-www.dna.fr\/images\/d2d559d7-c5a3-48cb-aa96-e2d26a608d0f\/NW_raw\/le-marche-de-noel-de-turckheim-photo-herve-kielwasser-1767121689.jpg\" title=\"Le march\u00e9 de No\u00ebl de Turckheim. \u00a0 Photo\u00a0Herv\u00e9 Kielwasser\" class=\"chocolat-image GA-tracking\" data-ga_type=\"click\" data-ga_category=\"D\u00e9tail\" data-ga_action=\"zoomer\" data-ga_label=\"aggrandir image\" target=\"_blank\" rel=\"noopener\">&#13;<br \/>\n        <img src=\"https:\/\/www.europesays.com\/fr\/wp-content\/uploads\/2025\/12\/le-marche-de-noel-de-turckheim-photo-herve-kielwasser-1767121689.jpg\"   alt=\"Le march\u00e9 de No\u00ebl de Turckheim. \u00a0 Photo\u00a0Herv\u00e9 Kielwasser\" fetchpriority=\"high\" decoding=\"async\" data-mobile=\"NW_listA_M|1767121689\" data-base=\"NW_listA|1767121689\"\/>&#13;<br \/>\n    <\/a>&#13;<\/p>\n<p> Le march\u00e9 de No\u00ebl de Turckheim. \u00a0 Photo\u00a0Herv\u00e9 Kielwasser <\/p>\n<p>  \u00c0 Turckheim et \u00e0 Munster, les petits grandissent<\/p>\n<p>Le <a href=\"https:\/\/www.dna.fr\/culture-loisirs\/2025\/12\/02\/les-veilleurs-de-nuit-ont-ouvert-le-calendrier-de-l-avent\" target=\"_blank\" rel=\"noopener\">march\u00e9 des lutins de Turckheim<\/a> a cette ann\u00e9e encore fait le plein de visiteurs, notamment espagnols, mais certains exposants ressentent une l\u00e9g\u00e8re baisse par rapport \u00e0 2024, qui avait \u00e9t\u00e9 exceptionnelle. L\u2019ouverture quotidienne d\u2019un volet du calendrier de l\u2019Avent apr\u00e8s 17\u00a0h constitue une animation tr\u00e8s attractive dans la cit\u00e9 du Brand.<\/p>\n<p>\u00c0 l\u2019\u00e9cart des grands circuits touristiques, <a href=\"https:\/\/www.dna.fr\/culture-loisirs\/2025\/12\/30\/munster-la-ou-noel-se-met-sur-son-31\" target=\"_blank\" rel=\"noopener\">le march\u00e9 de No\u00ebl au c\u0153ur des montagnes de Munster<\/a> tire son \u00e9pingle du jeu. Dop\u00e9 depuis trois ans par les navettes de No\u00ebl au d\u00e9part de la gare de Colmar, il voit son affluence bondir chaque hiver, sans saturation \u00e0 ce stade devant ses stands de soupe au munster. Les derniers chiffrages tablaient sur 10\u00a0000\u00a0\u00e0 15\u00a0000 passages en 24 jours. Singularit\u00e9 du lieu\u00a0: il accueille autant de locaux que de touristes devant ses br\u00fblots.<\/p>\n","protected":false},"excerpt":{"rendered":"Le pic de 3,4\u00a0millions de visiteurs enregistr\u00e9 en 2024 \u00e0 Strasbourg ne sera pas battu cette ann\u00e9e. Et&hellip;\n","protected":false},"author":2,"featured_media":630510,"comment_status":"","ping_status":"","sticky":false,"template":"","format":"standard","meta":{"footnotes":""},"categories":[2820],"tags":[1111,11,2389,1477,130,1687,33,2880,1777,674,3326,107,1011,27,775,2089,12,15830,25,640,2879,602],"class_list":{"0":"post-630509","1":"post","2":"type-post","3":"status-publish","4":"format-standard","5":"has-post-thumbnail","7":"category-strasbourg","8":"tag-actu","9":"tag-actualites","10":"tag-alsace","11":"tag-artisanat","12":"tag-consommation","13":"tag-culture-loisirs","14":"tag-economie","15":"tag-edition-strasbourg","16":"tag-eu","17":"tag-europe","18":"tag-fete-locale","19":"tag-fil-info","20":"tag-fr","21":"tag-france","22":"tag-grand-est","23":"tag-marche","24":"tag-news","25":"tag-noel","26":"tag-republique-francaise","27":"tag-strasbourg","28":"tag-strasbourg-ville","29":"tag-tourisme"},"share_on_mastodon":{"url":"https:\/\/pubeurope.com\/@fr\/115810181494882379","error":""},"_links":{"self":[{"href":"https:\/\/www.europesays.com\/fr\/wp-json\/wp\/v2\/posts\/630509","targetHints":{"allow":["GET"]}}],"collection":[{"href":"https:\/\/www.europesays.com\/fr\/wp-json\/wp\/v2\/posts"}],"about":[{"href":"https:\/\/www.europesays.com\/fr\/wp-json\/wp\/v2\/types\/post"}],"author":[{"embeddable":true,"href":"https:\/\/www.europesays.com\/fr\/wp-json\/wp\/v2\/users\/2"}],"replies":[{"embeddable":true,"href":"https:\/\/www.europesays.com\/fr\/wp-json\/wp\/v2\/comments?post=630509"}],"version-history":[{"count":0,"href":"https:\/\/www.europesays.com\/fr\/wp-json\/wp\/v2\/posts\/630509\/revisions"}],"wp:featuredmedia":[{"embeddable":true,"href":"https:\/\/www.europesays.com\/fr\/wp-json\/wp\/v2\/media\/630510"}],"wp:attachment":[{"href":"https:\/\/www.europesays.com\/fr\/wp-json\/wp\/v2\/media?parent=630509"}],"wp:term":[{"taxonomy":"category","embeddable":true,"href":"https:\/\/www.europesays.com\/fr\/wp-json\/wp\/v2\/categories?post=630509"},{"taxonomy":"post_tag","embeddable":true,"href":"https:\/\/www.europesays.com\/fr\/wp-json\/wp\/v2\/tags?post=630509"}],"curies":[{"name":"wp","href":"https:\/\/api.w.org\/{rel}","templated":true}]}}