{"id":630519,"date":"2025-12-30T19:36:09","date_gmt":"2025-12-30T19:36:09","guid":{"rendered":"https:\/\/www.europesays.com\/fr\/630519\/"},"modified":"2025-12-30T19:36:09","modified_gmt":"2025-12-30T19:36:09","slug":"une-famille-bordelaise-part-au-nepal-pour-participer-a-la-renovation-dune-ecole","status":"publish","type":"post","link":"https:\/\/www.europesays.com\/fr\/630519\/","title":{"rendered":"une famille bordelaise part au N\u00e9pal pour participer \u00e0 la r\u00e9novation d\u2019une \u00e9cole"},"content":{"rendered":"<p>Les mots \u00ab\u00a0exp\u00e9rience, famille et humanitaire\u00a0\u00bb reviennent comme un leitmotiv dans la r\u00e9flexion familiale. L\u2019\u00e9coute d\u2019un podcast les met sur la voie d\u2019<a href=\"https:\/\/www.unobjectifpourdemain.org\/nos-projets-solidaires-au-nepal\/\" target=\"_blank\" rel=\"nofollow noopener\">Un Objectif pour demain<\/a>. Cr\u00e9\u00e9e en 2023, cette association r\u00e9pond \u00e0 des besoins concrets par des actions ciblant principalement les domaines de l\u2019\u00e9ducation et de la sant\u00e9. Apr\u00e8s un premier \u00e9change en visio, les deux parents rencontrent le fondateur de la structure. Celui-ci habite au Teich, sur le bassin d\u2019Arcachon. Le courant passe. Le projet de la famille bouscataise se dessine.<\/p>\n<p>Cinquante-quatre \u00e9l\u00e8ves<\/p>\n<p>Il s\u2019agit de s\u2019attaquer \u00e0 la r\u00e9novation de l\u2019\u00e9cole Dindayalu situ\u00e9e dans un petit village, \u00ab\u00a0\u00e0 onze heures de bus de la capitale\u00a0\u00bb, pr\u00e9cise le p\u00e8re, dirigeant des \u00c9ditions C\u00f4t\u00e9 Bord\u2019Eau et b\u00e9n\u00e9vole \u00e0 SOS\u00a0M\u00e9diterran\u00e9e. Une <a href=\"https:\/\/www.helloasso.com\/associations\/un-objectif-pour-demain\/collectes\/renovation-de-l-ecole-dindayalu\" target=\"_blank\" rel=\"nofollow noopener\">cagnotte est ouverte sur HelloAsso<\/a> pour financer le chantier. L\u2019objectif est de r\u00e9unir un peu plus de 7\u00a0000\u00a0euros. L\u2019association \u00e9tant reconnue d\u2019int\u00e9r\u00eat g\u00e9n\u00e9ral, les dons vers\u00e9s ouvrent droit \u00e0 une r\u00e9duction d\u2019imp\u00f4t.<\/p>\n<blockquote><p>\u00ab\u00a0On cherchait depuis longtemps une id\u00e9e de voyage qui puisse ouvrir nos enfants \u00e0 une autre culture, un autre rapport au monde\u00a0\u00bb<\/p><\/blockquote>\n<p>Le budget comprend plusieurs paliers. Le plus gros poste de d\u00e9pense (4\u00a0800\u00a0euros) concerne la r\u00e9novation au sens large du b\u00e2timent\u00a0: reprise des fissures, peinture, r\u00e9novation des fa\u00e7ades ext\u00e9rieures, pose de fen\u00eatres, de moustiquaires et de moquette pour les plus petits. Sachant que l\u2019\u00e9cole accueille 54\u00a0\u00e9l\u00e8ves. Les autres volets visent la remise en \u00e9tat d\u2019un r\u00e9servoir d\u2019eau, l\u2019achat de fournitures scolaires et de mat\u00e9riel informatique. \u00ab\u00a0L\u2019exp\u00e9rience montre qu\u2019apr\u00e8s restauration, le taux de scolarisation augmente fortement. Les familles remettent leurs enfants \u00e0 l\u2019\u00e9cole. Il y a un effet tr\u00e8s concret des travaux\u00a0\u00bb, appuie Laurent Laforgue.<\/p>\n<p>Chez l\u2019habitant<\/p>\n<p>Un Objectif pour demain collabore avec <a href=\"https:\/\/www.neemtrekking.com\/l-association-neem\" target=\"_blank\" rel=\"nofollow noopener\">l\u2019association n\u00e9palaise Neem<\/a>, n\u00e9e apr\u00e8s le s\u00e9isme de 2015. Celle-ci g\u00e8re sur place le recrutement des artisans et l\u2019approvisionnement en mat\u00e9riaux. Pendant leur s\u00e9jour, les Laforgue vivront chez l\u2019habitant et donneront un coup de main sur le chantier. \u00ab\u00a0Les \u00e9l\u00e8ves seront pr\u00e9sents durant cette p\u00e9riode. On apportera quelques jeux de soci\u00e9t\u00e9 afin de faciliter les \u00e9changes\u00a0\u00bb, indique la maman, orthophoniste de profession.<\/p>\n","protected":false},"excerpt":{"rendered":"Les mots \u00ab\u00a0exp\u00e9rience, famille et humanitaire\u00a0\u00bb reviennent comme un leitmotiv dans la r\u00e9flexion familiale. L\u2019\u00e9coute d\u2019un podcast les&hellip;\n","protected":false},"author":2,"featured_media":630520,"comment_status":"","ping_status":"","sticky":false,"template":"","format":"standard","meta":{"footnotes":""},"categories":[2817],"tags":[1111,11,1997,1777,674,1011,27,12,2219,25],"class_list":{"0":"post-630519","1":"post","2":"type-post","3":"status-publish","4":"format-standard","5":"has-post-thumbnail","7":"category-bordeaux","8":"tag-actu","9":"tag-actualites","10":"tag-bordeaux","11":"tag-eu","12":"tag-europe","13":"tag-fr","14":"tag-france","15":"tag-news","16":"tag-nouvelle-aquitaine","17":"tag-republique-francaise"},"share_on_mastodon":{"url":"https:\/\/pubeurope.com\/@fr\/115810204606675844","error":""},"_links":{"self":[{"href":"https:\/\/www.europesays.com\/fr\/wp-json\/wp\/v2\/posts\/630519","targetHints":{"allow":["GET"]}}],"collection":[{"href":"https:\/\/www.europesays.com\/fr\/wp-json\/wp\/v2\/posts"}],"about":[{"href":"https:\/\/www.europesays.com\/fr\/wp-json\/wp\/v2\/types\/post"}],"author":[{"embeddable":true,"href":"https:\/\/www.europesays.com\/fr\/wp-json\/wp\/v2\/users\/2"}],"replies":[{"embeddable":true,"href":"https:\/\/www.europesays.com\/fr\/wp-json\/wp\/v2\/comments?post=630519"}],"version-history":[{"count":0,"href":"https:\/\/www.europesays.com\/fr\/wp-json\/wp\/v2\/posts\/630519\/revisions"}],"wp:featuredmedia":[{"embeddable":true,"href":"https:\/\/www.europesays.com\/fr\/wp-json\/wp\/v2\/media\/630520"}],"wp:attachment":[{"href":"https:\/\/www.europesays.com\/fr\/wp-json\/wp\/v2\/media?parent=630519"}],"wp:term":[{"taxonomy":"category","embeddable":true,"href":"https:\/\/www.europesays.com\/fr\/wp-json\/wp\/v2\/categories?post=630519"},{"taxonomy":"post_tag","embeddable":true,"href":"https:\/\/www.europesays.com\/fr\/wp-json\/wp\/v2\/tags?post=630519"}],"curies":[{"name":"wp","href":"https:\/\/api.w.org\/{rel}","templated":true}]}}