{"id":630521,"date":"2025-12-30T19:37:11","date_gmt":"2025-12-30T19:37:11","guid":{"rendered":"https:\/\/www.europesays.com\/fr\/630521\/"},"modified":"2025-12-30T19:37:11","modified_gmt":"2025-12-30T19:37:11","slug":"transferts-top-14-salesi-rayasi-ubb-vers-une-prolongation-a-bordeaux","status":"publish","type":"post","link":"https:\/\/www.europesays.com\/fr\/630521\/","title":{"rendered":"Transferts. Top 14 \u2013 Salesi Rayasi (UBB) vers une prolongation \u00e0 Bordeaux"},"content":{"rendered":"<p>\n                Courtis\u00e9 par Bayonne et le Stade fran\u00e7ais Paris, l\u2019international fidjien Salesi Rayasi est parti pour prolonger l\u2019aventure \u00e0 l\u2019Union Bordeaux B\u00e8gles, o\u00f9 un nouveau contrat de deux ans l\u2019attend.\n            <\/p>\n<p>Salesi Rayasi sera toujours un joueur de l\u2019Union Bordeaux B\u00e8gles la saison prochaine. Courtis\u00e9 par l\u2019Aviron bayonnais, qui suivait de pr\u00e8s son profil, et par le Stade fran\u00e7ais Paris, qui lui avait transmis une proposition en d\u00e9but de semaine derni\u00e8re, l\u2019ailier ou arri\u00e8re international fidjien a indiqu\u00e9, ces derni\u00e8res heures, aux dirigeants bayonnais qu\u2019il ne donnerait pas suite \u00e0 leur int\u00e9r\u00eat, pour finalement\u00a0rester en Gironde, selon nos informations.<\/p>\n<p>Il va prolonger deux ans<\/p>\n<p>Il a tout r\u00e9cemment accept\u00e9 une proposition des dirigeants bordelais et d\u2019ici peu, il paraphera un nouveau contrat de deux ans. C\u2019est \u00e9videmment un joli coup r\u00e9alis\u00e9, l\u00e0, par le pr\u00e9sident Marti. \u00ab\u00a0On a besoin de lui. Le joueur veut rester, le staff souhaite le conserver. C\u2019est le dossier sur lequel on travaille\u00a0\u00bb, avait d\u00e9clar\u00e9 le pr\u00e9sident du club, avant No\u00ebl, dans l\u2019\u00e9mission Top Rugby. Une dizaine de jours plus tard, tout est ficel\u00e9. Il ne manque plus que la signature sur le contrat.<\/p>\n<p>Arriv\u00e9 en France \u00e0 l\u2019\u00e9t\u00e9 2024, Salesi Rayasi n\u2019a pas mis bien longtemps \u00e0 s\u2019acclimater au championnat fran\u00e7ais, puisqu\u2019il avait particip\u00e9 \u00e0 19 matchs de Top 14\u00a0avec le RC Vannes (18 titularisations). Recrut\u00e9 par Bordeaux il y a six mois, il encha\u00eene les grosses performances avec l\u2019UBB. Il a disput\u00e9 onze matchs et inscrit six essais en club depuis la reprise. Les supporters de Bordeaux vont pouvoir profiter de ses exploits jusqu\u2019en 2028.<\/p>\n","protected":false},"excerpt":{"rendered":"Courtis\u00e9 par Bayonne et le Stade fran\u00e7ais Paris, l\u2019international fidjien Salesi Rayasi est parti pour prolonger l\u2019aventure \u00e0&hellip;\n","protected":false},"author":2,"featured_media":630522,"comment_status":"","ping_status":"","sticky":false,"template":"","format":"standard","meta":{"footnotes":""},"categories":[2817],"tags":[1111,11,1997,1777,674,1011,27,12,2219,25,10662],"class_list":{"0":"post-630521","1":"post","2":"type-post","3":"status-publish","4":"format-standard","5":"has-post-thumbnail","7":"category-bordeaux","8":"tag-actu","9":"tag-actualites","10":"tag-bordeaux","11":"tag-eu","12":"tag-europe","13":"tag-fr","14":"tag-france","15":"tag-news","16":"tag-nouvelle-aquitaine","17":"tag-republique-francaise","18":"tag-transferts"},"share_on_mastodon":{"url":"https:\/\/pubeurope.com\/@fr\/115810208984462721","error":""},"_links":{"self":[{"href":"https:\/\/www.europesays.com\/fr\/wp-json\/wp\/v2\/posts\/630521","targetHints":{"allow":["GET"]}}],"collection":[{"href":"https:\/\/www.europesays.com\/fr\/wp-json\/wp\/v2\/posts"}],"about":[{"href":"https:\/\/www.europesays.com\/fr\/wp-json\/wp\/v2\/types\/post"}],"author":[{"embeddable":true,"href":"https:\/\/www.europesays.com\/fr\/wp-json\/wp\/v2\/users\/2"}],"replies":[{"embeddable":true,"href":"https:\/\/www.europesays.com\/fr\/wp-json\/wp\/v2\/comments?post=630521"}],"version-history":[{"count":0,"href":"https:\/\/www.europesays.com\/fr\/wp-json\/wp\/v2\/posts\/630521\/revisions"}],"wp:featuredmedia":[{"embeddable":true,"href":"https:\/\/www.europesays.com\/fr\/wp-json\/wp\/v2\/media\/630522"}],"wp:attachment":[{"href":"https:\/\/www.europesays.com\/fr\/wp-json\/wp\/v2\/media?parent=630521"}],"wp:term":[{"taxonomy":"category","embeddable":true,"href":"https:\/\/www.europesays.com\/fr\/wp-json\/wp\/v2\/categories?post=630521"},{"taxonomy":"post_tag","embeddable":true,"href":"https:\/\/www.europesays.com\/fr\/wp-json\/wp\/v2\/tags?post=630521"}],"curies":[{"name":"wp","href":"https:\/\/api.w.org\/{rel}","templated":true}]}}