{"id":630525,"date":"2025-12-30T19:39:09","date_gmt":"2025-12-30T19:39:09","guid":{"rendered":"https:\/\/www.europesays.com\/fr\/630525\/"},"modified":"2025-12-30T19:39:09","modified_gmt":"2025-12-30T19:39:09","slug":"apres-40-km-de-refus-dobtemperer-il-abandonne-ses-passagers-sur-le-peripherique","status":"publish","type":"post","link":"https:\/\/www.europesays.com\/fr\/630525\/","title":{"rendered":"apr\u00e8s 40 km de refus d\u2019obtemp\u00e9rer, il abandonne ses passagers sur le p\u00e9riph\u00e9rique"},"content":{"rendered":"<p>                    Par<br \/>\n        <strong><br \/>\n            <a href=\"https:\/\/actu.fr\/auteur\/guillaume-laurens\" title=\"Consulter tous les articles de Guillaume Laurens\" target=\"_blank\" rel=\"noopener\">Guillaume Laurens<\/a><br \/>\n                    <\/strong><\/p>\n<p>        Publi\u00e9 le<\/p>\n<p>            30 d\u00e9c. 2025 \u00e0 19h14        <\/p>\n<p>Encore un <strong>refus d\u2019obtemp\u00e9rer<\/strong> qui aurait pu tr\u00e8s mal finir sur le <a href=\"https:\/\/actu.fr\/tag\/peripherique-de-toulouse\" target=\"_blank\" rel=\"noopener\">p\u00e9riph\u00e9rique de <strong>Toulouse<\/strong><\/a>. Le <a href=\"https:\/\/actu.fr\/occitanie\/cugnaux_31157\/refus-d-obtemperer-a-toulouse-pourquoi-le-chauffard-en-peugeot-2008-a-tente-de-s-enfuir_63632977.html\" target=\"_blank\" rel=\"noopener\">deuxi\u00e8me en quelques heures \u00e0 peine<\/a>. Vers 22\u2009h\u200930, ce lundi 29 d\u00e9cembre 2025, une patrouille de police a voulu contr\u00f4ler le <strong>conducteur d\u2019une Opel Astra<\/strong> qui ne portait pas de ceinture de s\u00e9curit\u00e9, pr\u00e8s de la rue Louis-Plana, quartier Soupetard. Sauf que l\u2019automobiliste, avec deux passagers \u00e0 bord, ne s\u2019est pas laiss\u00e9 appr\u00e9hender.<\/p>\n<p>40\u00a0km de refus d\u2019obtemp\u00e9rer sur le p\u00e9riph\u00e9rique<\/p>\n<p class=\" wall-content\">\u00c0 la vue des forces de l\u2019ordre, le chauffard a m\u00eame appuy\u00e9 sur l\u2019acc\u00e9l\u00e9rateur, avant de partir pour \u00ab\u2009environ<strong> 40\u00a0km de refus d\u2019obtemp\u00e9rer<\/strong> sur le p\u00e9riph\u00e9rique\u2009\u00bb, rapporte une source proche du dossier.<\/p>\n<p class=\" wall-content\">Dans sa cavalcade, il a fait mine, \u00e0 plusieurs reprises, de sortir de la rocade, en braquant son v\u00e9hicule au dernier moment pour tenter de semer les forces de l\u2019ordre. Prenant des risques inconsid\u00e9r\u00e9s, il a percut\u00e9 trois v\u00e9hicules de police, \u00e0 des endroits diff\u00e9rents, et a m\u00eame<strong> \u00e9teint les feux<\/strong> de son Astra en pleine nuit\u2026 pour tenter de se fondre dans le brouillard.<\/p>\n<p>Il saute de la voiture en marche et abandonne ses passagers<\/p>\n<p class=\" wall-content\">Sa course sur le p\u00e9riph\u00e9rique toulousain a \u00e9t\u00e9 soudainement ralentie quand un<strong> camion de livraison<\/strong> s\u2019est trouv\u00e9 sur sa route. Le conducteur a alors <strong>saut\u00e9 de la voiture en marche,<\/strong> entre les \u00e9changeurs n\u00b018 et 17, tentant de s\u2019enfuir \u00e0 pied et <strong>abandonnant<\/strong> au passage <strong>ses deux passagers<\/strong> dans la voiture. Mais il a \u00e9t\u00e9 rattrap\u00e9 par la police et interpell\u00e9, sur le p\u00e9riph\u00e9rique ext\u00e9rieur vers 22\u2009h\u200950, \u00e0 hauteur de Montaudran-Lespinet.<\/p>\n<p>Un multir\u00e9cidiviste, ivre et sans permis<\/p>\n<p class=\" wall-content\">Pourquoi ce conducteur a-t-il r\u00e9agi ainsi\u2009? Peut-\u00eatre parce que cet homme de 36\u00a0ans <strong>cumulait les infractions<\/strong>. Alcoolis\u00e9, positif au cannabis et \u00e0 la coca\u00efne, il n\u2019en \u00e9tait pas \u00e0 son coup d\u2019essai et \u00e9tait m\u00eame <strong>multir\u00e9cidiviste<\/strong> de ce genre de faits, son <strong>permis de conduire<\/strong> \u00e9tant <strong>annul\u00e9<\/strong> pour conduite sous stup\u00e9fiants.<\/p>\n<p>Vid\u00e9os : en ce moment sur ActuCinq plaintes d\u00e9pos\u00e9es<\/p>\n<p class=\" wall-content\">Sa garde \u00e0 vue au commissariat central de Toulouse a \u00e9t\u00e9 prolong\u00e9e ce lundi soir, et sa <strong>voiture<\/strong> lui a \u00e9t\u00e9 <strong>confisqu\u00e9e<\/strong> pour des pr\u00e9l\u00e8vements.<\/p>\n<p>Votre r\u00e9gion, votre actu !<\/p>\n<p>Recevez chaque jour les infos qui comptent pour vous.<\/p>\n<p>\t<a href=\"https:\/\/actu.fr\/newsletter\" class=\"ac-btn ac-btn--corner ac-btn--medium ac-btn--blue800\" target=\"_blank\" rel=\"noopener\">S&rsquo;incrire<\/a><\/p>\n<p class=\" wall-content\">Pas moins de<strong> c<\/strong><strong>inq plaintes<\/strong> ont \u00e9t\u00e9 d\u00e9pos\u00e9es \u00e0 son encontre\u2009: quatre par des policiers et une par l\u2019administration pour la d\u00e9gradation des voitures.<\/p>\n<p>Les passagers ont \u00e9t\u00e9 rel\u00e2ch\u00e9s<\/p>\n<p class=\" wall-content\">Quant \u00e0 ses passagers, une femme de 28\u00a0ans et un homme de 35\u00a0ans qui \u00e9taient rest\u00e9s <strong>sagement assis<\/strong> \u00e0 l\u2019int\u00e9rieur du v\u00e9hicule immobilis\u00e9 sur le p\u00e9riph\u00e9rique, ils \u00e9taient eux aussi connus des services de police, mais ont \u00e9t\u00e9 rel\u00e2ch\u00e9s.<\/p>\n<p>    <a href=\"https:\/\/www.google.com\/maps\/embed?pb=!1m17!1m12!1m3!1d11901.027472262453!2d1.4828084436808218!3d43.574111114188895!2m3!1f0!2f0!3f0!3m2!1i1024!2i768!4f13.1!3m2!1m1!2zNDPCsDMzJzU3LjEiTiAxwrAyOSczNy4yIkU!5e0!3m2!1sfr!2sfr!4v1767117918919!5m2!1sfr!2sfr\" title=\"Ouvrie le lien\" target=\"_blank\" rel=\"noopener\">Cliquez ici pour visualiser le contenu<\/a><\/p>\n<p class=\" wall-content\">Personnalisez votre actualit\u00e9 en ajoutant vos villes et m\u00e9dias en favori avec <a href=\"https:\/\/moncompte.actu.fr\" title=\"D\u00e9couvez Mon Actu\" rel=\"nofollow noopener\" data-trk=\"{&quot;cta&quot;:{&quot;action&quot;:&quot;https:\\\/\\\/moncompte.actu.fr&quot;,&quot;category&quot;:&quot;mon compte&quot;,&quot;from&quot;:&quot;article footer&quot;,&quot;name&quot;:&quot;Mon actu&quot;,&quot;type&quot;:&quot;cta&quot;}}\" target=\"_blank\">Mon Actu<\/a>.<\/p>\n","protected":false},"excerpt":{"rendered":"Par Guillaume Laurens Publi\u00e9 le 30 d\u00e9c. 2025 \u00e0 19h14 Encore un refus d\u2019obtemp\u00e9rer qui aurait pu tr\u00e8s&hellip;\n","protected":false},"author":2,"featured_media":630526,"comment_status":"","ping_status":"","sticky":false,"template":"","format":"standard","meta":{"footnotes":""},"categories":[2816],"tags":[1111,11,1777,674,118,1011,27,12,2680,1072,2852,25,2312],"class_list":{"0":"post-630525","1":"post","2":"type-post","3":"status-publish","4":"format-standard","5":"has-post-thumbnail","7":"category-toulouse","8":"tag-actu","9":"tag-actualites","10":"tag-eu","11":"tag-europe","12":"tag-faits-divers","13":"tag-fr","14":"tag-france","15":"tag-news","16":"tag-occitanie","17":"tag-police","18":"tag-refus-dobtemperer","19":"tag-republique-francaise","20":"tag-toulouse"},"share_on_mastodon":{"url":"https:\/\/pubeurope.com\/@fr\/115810217246225112","error":""},"_links":{"self":[{"href":"https:\/\/www.europesays.com\/fr\/wp-json\/wp\/v2\/posts\/630525","targetHints":{"allow":["GET"]}}],"collection":[{"href":"https:\/\/www.europesays.com\/fr\/wp-json\/wp\/v2\/posts"}],"about":[{"href":"https:\/\/www.europesays.com\/fr\/wp-json\/wp\/v2\/types\/post"}],"author":[{"embeddable":true,"href":"https:\/\/www.europesays.com\/fr\/wp-json\/wp\/v2\/users\/2"}],"replies":[{"embeddable":true,"href":"https:\/\/www.europesays.com\/fr\/wp-json\/wp\/v2\/comments?post=630525"}],"version-history":[{"count":0,"href":"https:\/\/www.europesays.com\/fr\/wp-json\/wp\/v2\/posts\/630525\/revisions"}],"wp:featuredmedia":[{"embeddable":true,"href":"https:\/\/www.europesays.com\/fr\/wp-json\/wp\/v2\/media\/630526"}],"wp:attachment":[{"href":"https:\/\/www.europesays.com\/fr\/wp-json\/wp\/v2\/media?parent=630525"}],"wp:term":[{"taxonomy":"category","embeddable":true,"href":"https:\/\/www.europesays.com\/fr\/wp-json\/wp\/v2\/categories?post=630525"},{"taxonomy":"post_tag","embeddable":true,"href":"https:\/\/www.europesays.com\/fr\/wp-json\/wp\/v2\/tags?post=630525"}],"curies":[{"name":"wp","href":"https:\/\/api.w.org\/{rel}","templated":true}]}}