{"id":630542,"date":"2025-12-30T19:49:12","date_gmt":"2025-12-30T19:49:12","guid":{"rendered":"https:\/\/www.europesays.com\/fr\/630542\/"},"modified":"2025-12-30T19:49:12","modified_gmt":"2025-12-30T19:49:12","slug":"attaques-au-couteau-et-au-marteau-dans-le-metro-ligne-3","status":"publish","type":"post","link":"https:\/\/www.europesays.com\/fr\/630542\/","title":{"rendered":"attaques au couteau et au marteau dans le m\u00e9tro ligne 3"},"content":{"rendered":"<p>Deux attaques violentes sur la ligne 3 du m\u00e9tro parisien r\u00e9v\u00e8lent des failles de s\u00e9curit\u00e9 et administratives, suscitant une mobilisation forte autour des victimes et des mesures renforc\u00e9es.<\/p>\n<p class=\"first-paragraph\">Paris sous tension\u00a0: fin d\u00e9cembre et d\u00e9but janvier, la ligne 3 du m\u00e9tro a \u00e9t\u00e9 frapp\u00e9e par de violentes agressions, impliquant deux suspects et des victimes choqu\u00e9es. Retour sur ces faits gla\u00e7ants.<\/p>\n<p>Qui n\u2019a jamais emprunt\u00e9 la ligne 3 du m\u00e9tro, reliant Pont de Levallois \u00e0 Gallieni\u00a0? V\u00e9ritable art\u00e8re parisienne, cette ligne s\u2019est pourtant transform\u00e9e en th\u00e9\u00e2tre d\u2019angoisse \u00e0 la fin de l\u2019ann\u00e9e, lorsque plusieurs agressions violentes ont boulevers\u00e9 son quotidien. Au fil de quelques jours seulement, deux attaques distinctes, \u00e0 quelques stations d\u2019intervalle, ont relanc\u00e9 les d\u00e9bats sur la s\u00e9curit\u00e9 dans les transports parisiens. Si Paris aime se r\u00e9inventer chaque saison, ce dossier n\u2019a rien d\u2019une parenth\u00e8se enchant\u00e9e\u00a0: \u00e0 la cl\u00e9, des bless\u00e9s, des proc\u00e9dures judiciaires lourdes et une onde de choc qui, forc\u00e9ment, interroge.<\/p>\n<p>Deux affaires, deux profils, mais un m\u00eame climat de sid\u00e9ration. Tout commence le 26 d\u00e9cembre, alors que trois femmes essuient des blessures au couteau en \u00e0 peine trente minutes, entre Arts-et-M\u00e9tiers, R\u00e9publique et Op\u00e9ra. L\u2019agresseur tente de dispara\u00eetre, laissant derri\u00e8re lui une panique glaciale. Quelques jours plus tard, nouvelle alerte\u00a0: le 29 d\u00e9cembre, en plein apr\u00e8s-midi \u00e0 la station Temple, un autre homme, visiblement sous l\u2019emprise de l\u2019alcool, tente de braquer une passag\u00e8re avec la t\u00eate d\u2019un marteau avant de la frapper au visage. Simple hasard\u00a0? Les policiers n\u2019y croient pas.<\/p>\n<p>Attaque au marteau dans le m\u00e9tro\u00a0: suspect appr\u00e9hend\u00e9 et enqu\u00eate relanc\u00e9e<\/p>\n<p>C\u2019est un lundi \u00e0 la station Temple qui a vir\u00e9 au cauchemar pour les usagers de la ligne 3. Peu avant 13\u00a0heures, une tentative de vol se mue en agression violente\u00a0: refusant de c\u00e9der ses effets personnels, une passag\u00e8re est prise \u00e0 partie et re\u00e7oit un coup au visage, ass\u00e9n\u00e9 avec la t\u00eate d\u2019un marteau. Le geste, brutal, laisse la victime l\u00e9g\u00e8rement bless\u00e9e \u2013 huit jours d\u2019incapacit\u00e9 de travail lui sont prescrits. La sc\u00e8ne, capt\u00e9e par la vid\u00e9osurveillance, montre un assaillant alcoolis\u00e9, \u00e2g\u00e9 de 26\u00a0ans et originaire de Roumanie.<\/p>\n<p>Si la violence du geste choque, l\u2019intervention rapide de la police \u00e9vite le pire. L\u2019auteur, tentant de s\u2019\u00e9chapper apr\u00e8s avoir jet\u00e9 son arme, est coinc\u00e9 par les forces de l\u2019ordre. La suite r\u00e9v\u00e8lera un autre \u00e9pisode\u00a0: sur ces images, il appara\u00eet clairement que l\u2019agresseur avait d\u00e9j\u00e0 cibl\u00e9, avant la tentative de vol, un jeune mineur de 17\u00a0ans. La double agression vaudra \u00e0 l\u2019assaillant une proc\u00e9dure judiciaire exemplaire\u00a0: le parquet de Paris ouvre une enqu\u00eate pour tentative de meurtre. La RATP, gestionnaire du r\u00e9seau, active aussit\u00f4t une cellule d\u2019aide psychologique et condamne fermement l\u2019acte, affichant son soutien \u00e0 la victime.<\/p>\n<p>C\u00f4t\u00e9 r\u00e9action publique\u00a0: l\u2019affaire suscite une onde d\u2019indignation. Les voyageurs, d\u00e9j\u00e0 bouscul\u00e9s par l\u2019actualit\u00e9 anxiog\u00e8ne, s\u2019interrogent\u00a0: la s\u00e9curit\u00e9 est-elle encore assur\u00e9e dans le m\u00e9tro parisien\u00a0? Les dispositifs de surveillance et les patrouilles seront-ils renforc\u00e9s apr\u00e8s ces faits\u00a0? Dans l\u2019imm\u00e9diat, la RATP insiste sur la r\u00e9activit\u00e9 de ses \u00e9quipes\u2026 mais aussi sur la n\u00e9cessit\u00e9, pour tous, de signaler toute situation inqui\u00e9tante.<\/p>\n<p>Retour sur l\u2019attaque au couteau du 26\u00a0d\u00e9cembre\u00a0: un dossier psychiatrique et administratif<\/p>\n<p>Avant l\u2019agression au marteau, un autre dossier avait d\u00e9j\u00e0 fait fr\u00e9mir la capitale. Le 26\u00a0d\u00e9cembre, trois femmes, \u00e2g\u00e9es de 30 \u00e0 50\u00a0ans, affirment avoir \u00e9t\u00e9 bless\u00e9es par un inconnu muni d\u2019un couteau, en pleine heure de pointe. L\u2019assaillant, \u00e2g\u00e9 de 25\u00a0ans, est interpell\u00e9 apr\u00e8s une cavale express dans le Val-d\u2019Oise. Pendant quelques heures, il est pr\u00e9sent\u00e9 comme un ressortissant malien sous obligation de quitter le territoire. Mais surprise\u00a0: l\u2019enqu\u00eate r\u00e9v\u00e8le qu\u2019il d\u00e9tient en r\u00e9alit\u00e9 un passeport fran\u00e7ais non d\u00e9clar\u00e9, mettant en lumi\u00e8re un couac administratif s\u00e9rieux. Le ministre de l\u2019Int\u00e9rieur, saisi du dossier, reconna\u00eet un dysfonctionnement dans la gestion des fichiers de nationalit\u00e9\u00a0: une v\u00e9rification \u00e9largie est aussit\u00f4t annonc\u00e9e.<\/p>\n<p>C\u00f4t\u00e9 enqu\u00eate, la proc\u00e9dure judiciaire prend un tournant particulier\u00a0: l\u2019\u00e9tat psychique du suspect, jug\u00e9 incompatible avec la garde \u00e0 vue par un m\u00e9decin, conduit \u00e0 son internement en h\u00f4pital psychiatrique. Durant son interrogatoire, il aurait confi\u00e9 avoir agi \u00ab\u00a0pour se soulager\u00a0\u00bb (source\u00a0: RTL). En l\u2019absence du suspect, l\u2019enqu\u00eate se poursuit, avec le souci de pr\u00e9venir de nouveaux passages \u00e0 l\u2019acte.<\/p>\n<p>Cet \u00e9pisode, cumul\u00e9 \u00e0 l\u2019agression du 29\u00a0d\u00e9cembre, souligne la pression qui p\u00e8se sur les autorit\u00e9s judiciaires et la RATP. Entre la r\u00e9action imm\u00e9diate aux drames et l\u2019analyse des failles du syst\u00e8me, la r\u00e9ponse institutionnelle s\u2019articule sur deux fronts\u00a0: protection des voyageurs et am\u00e9lioration des dispositifs administratifs. Les victimes, elles, ont re\u00e7u une assistance psychologique et un accompagnement renforc\u00e9. Quant au premier suspect, sa situation psychiatrique conditionnera la suite de la proc\u00e9dure.<\/p>\n<p>R\u00e9actions, soutien et \u00e9motion autour des victimes de la ligne 3<\/p>\n<p>Face au choc, la mobilisation n\u2019a pas tard\u00e9. \u00c0 la suite des deux attaques, la RATP a activ\u00e9 sans d\u00e9lai sa cellule d\u2019aide et d\u2019assistance aux victimes. Les proches, comme les t\u00e9moins, b\u00e9n\u00e9ficient d\u2019un suivi psychologique sur place, une initiative salu\u00e9e autant par les victimes que par les observateurs. <strong>Laurent Nu\u00f1ez<\/strong>, ministre de l\u2019Int\u00e9rieur, s\u2019est d\u00e9clar\u00e9 \u00ab\u00a0pleinement mobilis\u00e9\u00a0\u00bb pour comprendre et corriger les dysfonctionnements administratifs (source\u00a0: RTL), tandis que la r\u00e9gie des transports assure vouloir renforcer la s\u00e9curit\u00e9 sur son r\u00e9seau.<\/p>\n<p>Sur les r\u00e9seaux sociaux, c\u2019est la sid\u00e9ration qui pr\u00e9domine, mais aussi la solidarit\u00e9. #SoutienLigne3 devient viral, mobilisant riverains et usagers pour une meilleure vigilance collective et une exigence de r\u00e9ponses rapides. En coulisses, la RATP r\u00e9affirme sa volont\u00e9 de faire de la s\u00e9curit\u00e9 et de l\u2019assistance aux victimes une priorit\u00e9 absolue. Les prochains mois s\u2019annoncent d\u00e9cisifs pour retisser la confiance, station apr\u00e8s station.<\/p>\n<p>Sources\u00a0: Le Figaro, Le Monde, RTL<\/p>\n","protected":false},"excerpt":{"rendered":"Deux attaques violentes sur la ligne 3 du m\u00e9tro parisien r\u00e9v\u00e8lent des failles de s\u00e9curit\u00e9 et administratives, suscitant&hellip;\n","protected":false},"author":2,"featured_media":630543,"comment_status":"","ping_status":"","sticky":false,"template":"","format":"standard","meta":{"footnotes":""},"categories":[1888],"tags":[1111,1928,47,11,1927,1120,1777,674,1011,27,303,12,1926,626,1925,1072,25],"class_list":{"0":"post-630542","1":"post","2":"type-post","3":"status-publish","4":"format-standard","5":"has-post-thumbnail","7":"category-paris","8":"tag-actu","9":"tag-actu-paris","10":"tag-actualite","11":"tag-actualites","12":"tag-actualites-paris","13":"tag-agression","14":"tag-eu","15":"tag-europe","16":"tag-fr","17":"tag-france","18":"tag-justice","19":"tag-news","20":"tag-news-paris","21":"tag-paris","22":"tag-paris-news","23":"tag-police","24":"tag-republique-francaise"},"share_on_mastodon":{"url":"https:\/\/pubeurope.com\/@fr\/115810255728318054","error":""},"_links":{"self":[{"href":"https:\/\/www.europesays.com\/fr\/wp-json\/wp\/v2\/posts\/630542","targetHints":{"allow":["GET"]}}],"collection":[{"href":"https:\/\/www.europesays.com\/fr\/wp-json\/wp\/v2\/posts"}],"about":[{"href":"https:\/\/www.europesays.com\/fr\/wp-json\/wp\/v2\/types\/post"}],"author":[{"embeddable":true,"href":"https:\/\/www.europesays.com\/fr\/wp-json\/wp\/v2\/users\/2"}],"replies":[{"embeddable":true,"href":"https:\/\/www.europesays.com\/fr\/wp-json\/wp\/v2\/comments?post=630542"}],"version-history":[{"count":0,"href":"https:\/\/www.europesays.com\/fr\/wp-json\/wp\/v2\/posts\/630542\/revisions"}],"wp:featuredmedia":[{"embeddable":true,"href":"https:\/\/www.europesays.com\/fr\/wp-json\/wp\/v2\/media\/630543"}],"wp:attachment":[{"href":"https:\/\/www.europesays.com\/fr\/wp-json\/wp\/v2\/media?parent=630542"}],"wp:term":[{"taxonomy":"category","embeddable":true,"href":"https:\/\/www.europesays.com\/fr\/wp-json\/wp\/v2\/categories?post=630542"},{"taxonomy":"post_tag","embeddable":true,"href":"https:\/\/www.europesays.com\/fr\/wp-json\/wp\/v2\/tags?post=630542"}],"curies":[{"name":"wp","href":"https:\/\/api.w.org\/{rel}","templated":true}]}}