{"id":63055,"date":"2025-04-30T00:12:23","date_gmt":"2025-04-30T00:12:23","guid":{"rendered":"https:\/\/www.europesays.com\/fr\/63055\/"},"modified":"2025-04-30T00:12:23","modified_gmt":"2025-04-30T00:12:23","slug":"le-reve-prend-fin-pour-paris-balaye-par-fenerbahce-et-elimine-de-leuroligue","status":"publish","type":"post","link":"https:\/\/www.europesays.com\/fr\/63055\/","title":{"rendered":"le r\u00eave prend fin pour Paris, balay\u00e9 par Fenerbahce et \u00e9limin\u00e9 de l\u2019Euroligue"},"content":{"rendered":"<p>Dos au mur apr\u00e8s deux d\u00e9faites \u00e0 Istanbul, le Paris Basketball s\u2019est de nouveau inclin\u00e9, cette fois \u00e0 domicile, face \u00e0 Fenerbahce (88-98 apr\u00e8s prolongation). Son aventure en Euroligue s\u2019arr\u00eate en quarts de finale.<\/p>\n<p class=\"fig-paragraph\">Les badauds boulevard Ney, dans le XIXe arrondissement de la capitale, ont peut-\u00eatre aper\u00e7u de la vapeur s\u2019\u00e9lever de l\u2019Adidas Arena, th\u00e9\u00e2tre du match 3 des quarts de finale d\u2019Euroligue entre le Paris Basketball et Fenerbahce mardi. Et au grand dam des quelque 7.500 spectateurs venus garnir la salle, les joueurs de Tiago Splitter se sont inclin\u00e9s (88-89 apr\u00e8s prolongation), voyant\u00a0<a href=\"http:\/\/www.lefigaro.fr\/sports\/basket\/ca-parait-irreel-paris-basketball-les-dessous-d-une-folle-saison-20250421\" data-fig-type=\"Article\" data-gtm-custom-categorie=\"navigation\" data-gtm-custom-action=\"crossclick\" data-gtm-custom-label=\"Contextuel\" data-gtm-event=\"customEventSPE\" data-fig-domain=\"LEFIGARO\" target=\"_blank\" rel=\"noopener\">leur folle aventure dans la plus belle des comp\u00e9titions europ\u00e9ennes<\/a>, qu\u2019ils disputaient pour la premi\u00e8re fois, prendre fin.<\/p>\n<p class=\"fig-paragraph\">Oubli\u00e9 le match 2 \u00e0 Istanbul, o\u00f9 Paris\u00a0<a href=\"http:\/\/www.lefigaro.fr\/sports\/basket\/euroligue-dos-au-mur-le-paris-basketball-submerge-par-fenerbahce-20250424\" data-fig-type=\"NewsFlash\" data-gtm-custom-categorie=\"navigation\" data-gtm-custom-action=\"crossclick\" data-gtm-custom-label=\"Contextuel\" data-gtm-event=\"customEventSPE\" data-fig-domain=\"LEFIGARO\" target=\"_blank\" rel=\"noopener\">avait sombr\u00e9 d\u00e8s la mi-temps<\/a>\u00a0(61-38, score final 89-72).C\u2019est une entame serr\u00e9e qu\u2019ont offerte les deux formations (25-26 avec 7\u201917 restantes dans le deuxi\u00e8me quart-temps). Jusqu\u2019\u00e0 ce moment o\u00f9 les Franciliens ont sembl\u00e9 tirer la langue. Le cinq parisien compos\u00e9 uniquement de rempla\u00e7ants a propos\u00e9 un basket brouillon offensivement, \u00e0 l\u2019image de Maodo L\u00f4, arri\u00e8re cens\u00e9 soulager les stars TJ Shorts et Nadir Hifi, mais incapable de cr\u00e9er des diff\u00e9rences balle en main.<\/p>\n<p>Hifi a maintenu Paris en vie<\/p>\n<p class=\"fig-paragraph\">\u00c0 sa d\u00e9charge, l\u2019Allemand n\u2019avait plus jou\u00e9 depuis pr\u00e8s d\u2019un mois (22 mars) pour une blessure aux ischio-jambiers. Il a fallu qu\u2019Hifi,\u00a0<a href=\"http:\/\/www.lefigaro.fr\/sports\/basket\/basket-nadir-hifi-joueur-francais-de-paris-elu-meilleur-jeune-d-euroligue-20250415\" data-fig-type=\"NewsFlash\" data-gtm-custom-categorie=\"navigation\" data-gtm-custom-action=\"crossclick\" data-gtm-custom-label=\"Contextuel\" data-gtm-event=\"customEventSPE\" data-fig-domain=\"LEFIGARO\" target=\"_blank\" rel=\"noopener\">\u00e9lu meilleur jeune joueur de l\u2019Euroligue cette saison<\/a>, fasse parler sa magie. Un \u00abfinger roll\u00bb pr\u00e8s du panier (5\u201913 restantes QT2) puis un tir avec la planche pour sauver une possession mal embarqu\u00e9e (4\u201922) ont gard\u00e9 Paris dans le match (29-34). Le vice-champion de France s\u2019en sortait bien avec seulement six points de retard \u00e0 la pause (40-46). Seulement six, aussi parce que la g\u00e2chette Sebastian Herrera avait retrouv\u00e9 son adresse (2\/2 \u00e0 3-pts, 0\/7 dans la s\u00e9rie avant le match 3).<\/p>\n<p class=\"fig-paragraph\">\u00c0 l\u2019intensit\u00e9 d\u2019un match de play-offs s\u2019est ajout\u00e9e la tension, l\u2019ailier parisien Tyson Ward se frittant avec son compatriote Bonzie Colson, ancien de Strasbourg, en d\u00e9but de 3e quart-temps. Il en fallait plus pour sortir les locaux de leur rendez-vous, eux qui ont fini par recoller sur un double-pas de Yakuba Ouattara (53-53, 5\u201944 restantes QT3) et m\u00eame passer devant apr\u00e8s un contre de Bandja Sy et des lancers francs de L\u00e9opold Cavali\u00e8re (55-53, 5\u201901).<\/p>\n<p>R\u00e9cital de TJ Shorts&#8230; en vain<\/p>\n<p class=\"fig-paragraph\">Avec une d\u00e9fense revenue en place et malgr\u00e9 l\u2019adresse \u00e0 3-pts de Fenerbahce (8\/15), Paris n\u2019accusait que deux points de retard \u00e0 l\u2019aube de la derni\u00e8re p\u00e9riode (61-63).C\u2019est alors un combat de boxe qui s\u2019est d\u00e9roul\u00e9 sur le parquet, chaque \u00e9quipe se rendant coup pour coup. TJ Shorts (29 points dont 14 dans le 4e quart-temps) a multipli\u00e9 les acrobaties et tirs \u00e0 mi-distance pour maintenir les siens envie, ramenant les siens \u00e0 une possession d\u2019un double-pas \u00e0 52 secondes de la fin (78-80). Puis \u00e9galisant d\u2019un tir en t\u00eate de raquette, sa marque de fabrique (80-80, 0\u201915). Fenerbahce a vendang\u00e9 la derni\u00e8re possession, direction la prolongation.<\/p>\n<p class=\"fig-paragraph\">Cinq minutes de plus fatales au Paris Basketball, toujours moins inspir\u00e9 collectivement en attaque et puni par les sept points d\u2019entr\u00e9e de prolongation de Tarik Beberovic (80-87, 2\u201959). Le temps mort pris par Splitter n\u2019a rien chang\u00e9. Un ultime ballon perdu par Hifi, coupl\u00e9 \u00e0 un panier avec la faute de Nigel Hayes-Davis en contre-attaque, a enterr\u00e9 les derniers espoirs (82-93, 1\u201939). Score final 88-98. Courageux, h\u00e9ro\u00efques par moments, les Parisiens sortent la t\u00eate haute. Rendez-vous est d\u00e9j\u00e0 pris pour la saison prochaine. D\u00e9sormais, l\u2019Europe est pr\u00e9venue.<\/p>\n","protected":false},"excerpt":{"rendered":"Dos au mur apr\u00e8s deux d\u00e9faites \u00e0 Istanbul, le Paris Basketball s\u2019est de nouveau inclin\u00e9, cette fois \u00e0&hellip;\n","protected":false},"author":2,"featured_media":63056,"comment_status":"","ping_status":"","sticky":false,"template":"","format":"standard","meta":{"footnotes":""},"categories":[1888],"tags":[1111,1928,11,1927,2190,1465,1464,2180,2192,814,64,1777,450,2183,674,1011,27,2191,2193,820,2181,2182,12,1926,626,2179,1925,2189,2186,2184,2185,25,1980,2188,2187],"class_list":{"0":"post-63055","1":"post","2":"type-post","3":"status-publish","4":"format-standard","5":"has-post-thumbnail","7":"category-paris","8":"tag-actu","9":"tag-actu-paris","10":"tag-actualites","11":"tag-actualites-paris","12":"tag-asvel","13":"tag-basket","14":"tag-basketball","15":"tag-championnats-deurope","16":"tag-cholet","17":"tag-direct","18":"tag-equipe-de-france","19":"tag-eu","20":"tag-euro","21":"tag-euroligue","22":"tag-europe","23":"tag-fr","24":"tag-france","25":"tag-le-mans","26":"tag-limoges","27":"tag-live","28":"tag-mondial","29":"tag-nba","30":"tag-news","31":"tag-news-paris","32":"tag-paris","33":"tag-paris-basketball","34":"tag-paris-news","35":"tag-photos","36":"tag-play-offs","37":"tag-pro-a","38":"tag-pro-b","39":"tag-republique-francaise","40":"tag-resultats","41":"tag-statistiques","42":"tag-stats"},"share_on_mastodon":{"url":"https:\/\/pubeurope.com\/@fr\/114424023832838126","error":""},"_links":{"self":[{"href":"https:\/\/www.europesays.com\/fr\/wp-json\/wp\/v2\/posts\/63055","targetHints":{"allow":["GET"]}}],"collection":[{"href":"https:\/\/www.europesays.com\/fr\/wp-json\/wp\/v2\/posts"}],"about":[{"href":"https:\/\/www.europesays.com\/fr\/wp-json\/wp\/v2\/types\/post"}],"author":[{"embeddable":true,"href":"https:\/\/www.europesays.com\/fr\/wp-json\/wp\/v2\/users\/2"}],"replies":[{"embeddable":true,"href":"https:\/\/www.europesays.com\/fr\/wp-json\/wp\/v2\/comments?post=63055"}],"version-history":[{"count":0,"href":"https:\/\/www.europesays.com\/fr\/wp-json\/wp\/v2\/posts\/63055\/revisions"}],"wp:featuredmedia":[{"embeddable":true,"href":"https:\/\/www.europesays.com\/fr\/wp-json\/wp\/v2\/media\/63056"}],"wp:attachment":[{"href":"https:\/\/www.europesays.com\/fr\/wp-json\/wp\/v2\/media?parent=63055"}],"wp:term":[{"taxonomy":"category","embeddable":true,"href":"https:\/\/www.europesays.com\/fr\/wp-json\/wp\/v2\/categories?post=63055"},{"taxonomy":"post_tag","embeddable":true,"href":"https:\/\/www.europesays.com\/fr\/wp-json\/wp\/v2\/tags?post=63055"}],"curies":[{"name":"wp","href":"https:\/\/api.w.org\/{rel}","templated":true}]}}