{"id":630559,"date":"2025-12-30T19:58:12","date_gmt":"2025-12-30T19:58:12","guid":{"rendered":"https:\/\/www.europesays.com\/fr\/630559\/"},"modified":"2025-12-30T19:58:12","modified_gmt":"2025-12-30T19:58:12","slug":"la-nostalgie-des-bals-associatifs-de-la-saint-sylvestre","status":"publish","type":"post","link":"https:\/\/www.europesays.com\/fr\/630559\/","title":{"rendered":"la nostalgie des bals associatifs de la Saint-Sylvestre"},"content":{"rendered":"<p>Les temps changent, les modes de fonctionnement de la soci\u00e9t\u00e9 d\u2019hier ne sont plus forc\u00e9ment ceux d\u2019aujourd\u2019hui. C\u2019est a priori aussi le cas des soir\u00e9es du r\u00e9veillon de la Saint-Sylvestre, lors desquelles il y a quelques d\u00e9cennies, une figure locale de l\u2019animation, Jean Traina, faisait guincher tout le Nord mosellan. \u00c0 observer l\u2019agenda des festivit\u00e9s pr\u00e9vues ce 31 d\u00e9cembre, seules quelques dates sont annonc\u00e9es par les associations locales et autres comit\u00e9s des f\u00eates. Autrefois, elles \u00e9taient nombreuses dans les villes et villages du secteur. \u00ab Il y a clairement eu un changement dans les habitudes des gens, constate Jean Traina, issu d\u2019une famille italienne de la C\u00f4te-des-Roses. Cet \u00e9tat des lieux, je le fais d\u2019ailleurs tout au long d\u2019ann\u00e9e, o\u00f9 j\u2019ai bien compris que la client\u00e8le des repas dansants du samedi soir ne venait plus, pr\u00e9f\u00e9rant <a href=\"https:\/\/www.republicain-lorrain.fr\/culture-loisirs\/2022\/12\/26\/pour-noel-le-dancing-d-illange-ouvre-sa-piste-de-danse\" target=\"_blank\" rel=\"noopener\">les th\u00e9s dansants<\/a> du dimanche apr\u00e8s-midi. \u00bb<\/p>\n<p>  \u00ab La client\u00e8le ne s\u2019est pas renouvel\u00e9e \u00bb<\/p>\n<p>Le professionnel des \u00e9v\u00e9nements qui autrefois attiraient le monde autour des tables et sur la piste de danse, a vu le comportement m\u00eame des habitu\u00e9s changer. \u00ab Les conditions m\u00e9t\u00e9o ont une importance pour celles et ceux qui aujourd\u2019hui ont pris de l\u2019\u00e2ge, c\u2019est vrai. Et la client\u00e8le, dans le m\u00eame temps, ne s\u2019est pas franchement renouvel\u00e9e. Aujourd\u2019hui, les gens s\u2019organisent entre eux, font des f\u00eates \u00e0 la maison. Les rendez-vous propos\u00e9s par les associations ont moins la cote. \u00bb<\/p>\n<p>  \u00ab Convivialit\u00e9 et glamour \u00bb<\/p>\n<p>Pour autant, certains ont d\u00e9cid\u00e9 de remettre au go\u00fbt du jour ce genre de soir\u00e9es, notamment le 31 d\u00e9cembre. C\u2019est le cas de l\u2019association \u00c7a marche \u00e0 Terville, laquelle revendique 160 participants r\u00e9unis autour d\u2019un repas traiteur servi par les pr\u00e9cieux b\u00e9n\u00e9voles et d\u2019un orchestre. <\/p>\n<p>Mais aussi \u00e0 Thionville, o\u00f9 l\u2019Association des S\u00e9n\u00e9galais de Moselle, qui promet \u00ab une soir\u00e9e prestigieuse dans un lieu \u00e9l\u00e9gant et raffin\u00e9, o\u00f9 tout sera r\u00e9uni pour c\u00e9l\u00e9brer la nouvelle ann\u00e9e dans la convivialit\u00e9, le glamour et la t\u00e9ranga \u00bb (que l\u2019on peut traduire par hospitalit\u00e9). Un moment de partage, avec \u00ab 60 % de membres du collectif et 40 % de sympathisants du groupe \u00bb, rel\u00e8ve son porte-parole, Niang Ndiambe.<\/p>\n<p>  Consid\u00e9ration \u00e9conomique<\/p>\n<p>\u00c0 ne pas n\u00e9gliger, <a href=\"https:\/\/www.republicain-lorrain.fr\/culture-loisirs\/2025\/12\/29\/au-marche-couvert-la-consommation-en-baisse-de-20-a-30\" target=\"_blank\" rel=\"noopener\">le co\u00fbt de la soir\u00e9e<\/a> de la Saint-Sylvestre qui parfois peut s\u2019envoler et r\u00e9fr\u00e9ner les ardeurs de sortie. La consid\u00e9ration \u00e9conomique entre en effet dans la balance. Peut-\u00eatre bien plus qu\u2019on ne le pense.<\/p>\n","protected":false},"excerpt":{"rendered":"Les temps changent, les modes de fonctionnement de la soci\u00e9t\u00e9 d\u2019hier ne sont plus forc\u00e9ment ceux d\u2019aujourd\u2019hui. C\u2019est&hellip;\n","protected":false},"author":2,"featured_media":630560,"comment_status":"","ping_status":"","sticky":false,"template":"","format":"standard","meta":{"footnotes":""},"categories":[1586],"tags":[11,1687,7162,1777,674,1779,3326,1011,27,12,25,104,7160,7161,1778,364,1631],"class_list":{"0":"post-630559","1":"post","2":"type-post","3":"status-publish","4":"format-standard","5":"has-post-thumbnail","7":"category-europe","8":"tag-actualites","9":"tag-culture-loisirs","10":"tag-edition-thionville-hayange","11":"tag-eu","12":"tag-europe","13":"tag-european-union","14":"tag-fete-locale","15":"tag-fr","16":"tag-france","17":"tag-news","18":"tag-republique-francaise","19":"tag-societe","20":"tag-thionville","21":"tag-thionville-ville-57f","22":"tag-ue","23":"tag-union-europeenne","24":"tag-vie-associative"},"share_on_mastodon":{"url":"https:\/\/pubeurope.com\/@fr\/115810291139674453","error":""},"_links":{"self":[{"href":"https:\/\/www.europesays.com\/fr\/wp-json\/wp\/v2\/posts\/630559","targetHints":{"allow":["GET"]}}],"collection":[{"href":"https:\/\/www.europesays.com\/fr\/wp-json\/wp\/v2\/posts"}],"about":[{"href":"https:\/\/www.europesays.com\/fr\/wp-json\/wp\/v2\/types\/post"}],"author":[{"embeddable":true,"href":"https:\/\/www.europesays.com\/fr\/wp-json\/wp\/v2\/users\/2"}],"replies":[{"embeddable":true,"href":"https:\/\/www.europesays.com\/fr\/wp-json\/wp\/v2\/comments?post=630559"}],"version-history":[{"count":0,"href":"https:\/\/www.europesays.com\/fr\/wp-json\/wp\/v2\/posts\/630559\/revisions"}],"wp:featuredmedia":[{"embeddable":true,"href":"https:\/\/www.europesays.com\/fr\/wp-json\/wp\/v2\/media\/630560"}],"wp:attachment":[{"href":"https:\/\/www.europesays.com\/fr\/wp-json\/wp\/v2\/media?parent=630559"}],"wp:term":[{"taxonomy":"category","embeddable":true,"href":"https:\/\/www.europesays.com\/fr\/wp-json\/wp\/v2\/categories?post=630559"},{"taxonomy":"post_tag","embeddable":true,"href":"https:\/\/www.europesays.com\/fr\/wp-json\/wp\/v2\/tags?post=630559"}],"curies":[{"name":"wp","href":"https:\/\/api.w.org\/{rel}","templated":true}]}}