{"id":630563,"date":"2025-12-30T20:00:12","date_gmt":"2025-12-30T20:00:12","guid":{"rendered":"https:\/\/www.europesays.com\/fr\/630563\/"},"modified":"2025-12-30T20:00:12","modified_gmt":"2025-12-30T20:00:12","slug":"george-clooney-son-sublime-domaine-provencal-ou-il-vit-en-famille","status":"publish","type":"post","link":"https:\/\/www.europesays.com\/fr\/630563\/","title":{"rendered":"George Clooney, son sublime domaine proven\u00e7al o\u00f9 il vit en famille"},"content":{"rendered":"<p data-start=\"1306\" data-end=\"1711\">\u00c0 Brignoles, dans le<br \/>\n<strong data-start=\"1327\" data-end=\"1334\">Var<\/strong>,<br \/>\nl\u2019am\u00e9nagement du <strong data-start=\"1353\" data-end=\"1375\">domaine<br \/>\ndu Canadel<\/strong> par <a href=\"https:\/\/www.lejournaldelamaison.fr\/le-journal-de-la-maison\/reportages-maisons\/maisons-campagne\/george-clooney-partie-de-sa-maison-var-detruite-par-flammes-516539.html\" target=\"_blank\" rel=\"noopener\"><br \/>\nGeorge\u202fClooney<\/a> n\u2019est pas seulement un achat immobilier de<br \/>\nprestige, mais un choix de vie. L\u2019acteur am\u00e9ricain et son \u00e9pouse,<br \/>\nl\u2019avocate Amal\u202fClooney, ont <strong data-start=\"1532\" data-end=\"1567\">obtenu la nationalit\u00e9 fran\u00e7aise<\/strong> en d\u00e9cembre\u202f2025,<br \/>\nofficialisant leur attachement \u00e0 la France et \u00e0 cette r\u00e9gion du Sud<br \/>\no\u00f9 ils veulent \u00e9lever leurs enfants loin des projecteurs.<\/p>\n<p>George Clooney : de la<br \/>\nnaturalisation fran\u00e7aise \u00e0 l\u2019engagement dans la commune<\/p>\n<p data-start=\"2039\" data-end=\"2478\">En d\u00e9cembre\u202f2025,<br \/>\n<strong data-start=\"2057\" data-end=\"2075\">George Clooney<\/strong>,<br \/>\nson \u00e9pouse <strong data-start=\"2088\" data-end=\"2096\">Amal<\/strong><br \/>\net leurs deux enfants ont \u00e9t\u00e9 officiellement <strong data-start=\"2142\" data-end=\"2166\">naturalis\u00e9s fran\u00e7ais<\/strong>, venant<br \/>\ncouronner plusieurs ann\u00e9es de vie partag\u00e9e entre la Provence et les<br \/>\n\u00c9tats-Unis. Cette naturalisation a \u00e9t\u00e9 confirm\u00e9e par le d\u00e9cret du<br \/>\n26 d\u00e9cembre 2025, publi\u00e9 au Journal officiel le 27 d\u00e9cembre,<br \/>\napprend-t-on dans Le Parisien. Cette d\u00e9marche l\u00e9gale vient<br \/>\nsceller leur attachement \u00e0 la France, o\u00f9 ils passent une partie<br \/>\nimportante de l\u2019ann\u00e9e et participent \u00e0 la vie locale autour de leur<br \/>\n<strong data-start=\"2456\" data-end=\"2477\">domaine<br \/>\nproven\u00e7al<\/strong>.<\/p>\n<p data-start=\"2480\" data-end=\"2696\">Ce choix n\u2019est pas anodin\u202f: il<br \/>\nsymbolise un <strong data-start=\"2524\" data-end=\"2546\">engagement<br \/>\nprofond<\/strong>, avec une volont\u00e9 affich\u00e9e de s\u2019int\u00e9grer dans la<br \/>\nvie de la commune, soutenir des projets locaux et renforcer les<br \/>\nliens avec les habitants du <strong data-start=\"2688\" data-end=\"2695\">Var<\/strong>.<\/p>\n<p>George Clooney : le domaine<br \/>\ndu Canadel, une bastide proven\u00e7ale au c\u0153ur de la vie locale<\/p>\n<p data-start=\"2796\" data-end=\"3169\">Le <strong data-start=\"2799\" data-end=\"2821\">domaine du Canadel<\/strong>, acquis en 2021, n\u2019est<br \/>\npas une simple r\u00e9sidence secondaire mais un <a href=\"https:\/\/www.lejournaldelamaison.fr\/le-journal-de-la-maison\/reportages-maisons\/maisons-reportages-maisons\/george-et-amal-clooney-ils-achetent-une-batisse-en-ruines-de-900m2-en-provence-476449.html\" target=\"_blank\" rel=\"noopener\"><br \/>\n<strong data-start=\"3043\" data-end=\"3064\">domaine<br \/>\nproven\u00e7al<\/strong><\/a>\u00a0entour\u00e9e de vignes, d\u2019oliviers et de<br \/>\npaysages typiques du Sud, qui s\u2019\u00e9tend sur de nombreux hectares.<br \/>\nSelon des proches, le couple envisage m\u00eame de lancer leur propre<br \/>\n<strong data-start=\"3079\" data-end=\"3100\">production de<br \/>\nvin<\/strong>, en s\u2019impliquant dans le d\u00e9veloppement local du<br \/>\nvignoble du domaine, selon AD.<\/p>\n<p data-start=\"3171\" data-end=\"3489\">Install\u00e9s dans ce<br \/>\n<strong data-start=\"3189\" data-end=\"3210\">lieu<br \/>\nembl\u00e9matique<\/strong>, ils ne se contentent pas de vivre sur<br \/>\nplace\u202f: ils ont choisi de participer \u00e0 la vie de la<br \/>\n<strong data-start=\"3302\" data-end=\"3313\">commune<\/strong>, \u00e0<br \/>\ntravers leur implication aupr\u00e8s des habitants et des commerces<br \/>\nlocaux, comme l\u2019a racont\u00e9 un article mettant en lumi\u00e8re<br \/>\nl\u2019int\u00e9gration de la famille dans sa ville d\u2019adoption.<\/p>\n<blockquote class=\"instagram-media\" style=\"background: #ffffff;border: 0;margin: 1px;width: 100%;padding: 0;max-width: 500px;\" data-instgrm-permalink=\"https:\/\/www.instagram.com\/p\/Ch9bx4oITX4\/\" data-instgrm-version=\"14\"\/>\n<p>Georges Clooney : une vie familiale radieuse dans le<br \/>\n<strong data-start=\"3350\" data-end=\"3357\">Var<\/strong> loin des<br \/>\npaillettes d\u2019Hollywood<\/p>\n<p data-start=\"3391\" data-end=\"3887\">Pour George\u202fClooney, le choix<br \/>\nde faire grandir ses jumeaux dans le <a href=\"https:\/\/www.lejournaldelamaison.fr\/le-journal-de-la-maison\/actus-deco\/touristes-veulent-plus-repartir-petit-village-var-avec-vue-splendide-fait-parler-lui-pour-qualite-de-vie-incroyable-515072.html\" target=\"_blank\" rel=\"noopener\"><br \/>\n<strong data-start=\"3458\" data-end=\"3465\">Var<\/strong><\/a> est<br \/>\navant tout un choix personnel. Il a expliqu\u00e9 dans plusieurs<br \/>\ninterviews qu\u2019il souhaitait que ses enfants aient une enfance<br \/>\n\u00ab\u202fnormale\u202f\u00bb, loin de l\u2019agitation et de l\u2019attention des m\u00e9dias \u00e0 Los<br \/>\nAngeles. \u00ab\u202fIci, on ne prend<br \/>\npas de photos de nos gamins. Il n\u2019y a pas de paparazzis planqu\u00e9s \u00e0<br \/>\nla sortie de l\u2019\u00e9cole. C\u2019est primordial pour nous\u202f\u00bb,<br \/>\nconfiait\u2011il r\u00e9cemment en \u00e9voquant ce besoin de tranquillit\u00e9 pour sa<br \/>\nfamille.<\/p>\n<p data-start=\"3889\" data-end=\"4108\">Ce rapport apais\u00e9 \u00e0 la vie<br \/>\nquotidienne s\u2019exprime aussi dans leur fa\u00e7on de profiter de la<br \/>\nnature, de partager des repas simples en famille, et de voir leurs<br \/>\nenfants participer \u00e0 des activit\u00e9s rurales loin du star\u2011system.<\/p>\n<p><script async src=\"\/\/www.instagram.com\/embed.js\"><\/script><\/p>\n","protected":false},"excerpt":{"rendered":"\u00c0 Brignoles, dans le Var, l\u2019am\u00e9nagement du domaine du Canadel par George\u202fClooney n\u2019est pas seulement un achat immobilier&hellip;\n","protected":false},"author":2,"featured_media":630564,"comment_status":"","ping_status":"","sticky":false,"template":"","format":"standard","meta":{"footnotes":""},"categories":[2],"tags":[11,2511,24695,73950,1805,23059,3026,12219,652,1011,27,18075,3707,4743,22636,5433,33564,12,5241,10650,471,34578,14288,69283,43162,25,73951,15300,3711,933,96,4717],"class_list":{"0":"post-630563","1":"post","2":"type-post","3":"status-publish","4":"format-standard","5":"has-post-thumbnail","7":"category-actualites","8":"tag-actualites","9":"tag-cest","10":"tag-chose","11":"tag-clooney","12":"tag-de","13":"tag-domaine","14":"tag-en","15":"tag-et","16":"tag-famille","17":"tag-fr","18":"tag-france","19":"tag-georges","20":"tag-il","21":"tag-la","22":"tag-ma","23":"tag-mene","24":"tag-moi","25":"tag-news","26":"tag-on","27":"tag-ou","28":"tag-pour","29":"tag-precieux","30":"tag-privee","31":"tag-provencal","32":"tag-quelque","33":"tag-republique-francaise","34":"tag-respecte","35":"tag-reve","36":"tag-son","37":"tag-tres","38":"tag-une","39":"tag-vie"},"share_on_mastodon":{"url":"https:\/\/pubeurope.com\/@fr\/115810299260736183","error":""},"_links":{"self":[{"href":"https:\/\/www.europesays.com\/fr\/wp-json\/wp\/v2\/posts\/630563","targetHints":{"allow":["GET"]}}],"collection":[{"href":"https:\/\/www.europesays.com\/fr\/wp-json\/wp\/v2\/posts"}],"about":[{"href":"https:\/\/www.europesays.com\/fr\/wp-json\/wp\/v2\/types\/post"}],"author":[{"embeddable":true,"href":"https:\/\/www.europesays.com\/fr\/wp-json\/wp\/v2\/users\/2"}],"replies":[{"embeddable":true,"href":"https:\/\/www.europesays.com\/fr\/wp-json\/wp\/v2\/comments?post=630563"}],"version-history":[{"count":0,"href":"https:\/\/www.europesays.com\/fr\/wp-json\/wp\/v2\/posts\/630563\/revisions"}],"wp:featuredmedia":[{"embeddable":true,"href":"https:\/\/www.europesays.com\/fr\/wp-json\/wp\/v2\/media\/630564"}],"wp:attachment":[{"href":"https:\/\/www.europesays.com\/fr\/wp-json\/wp\/v2\/media?parent=630563"}],"wp:term":[{"taxonomy":"category","embeddable":true,"href":"https:\/\/www.europesays.com\/fr\/wp-json\/wp\/v2\/categories?post=630563"},{"taxonomy":"post_tag","embeddable":true,"href":"https:\/\/www.europesays.com\/fr\/wp-json\/wp\/v2\/tags?post=630563"}],"curies":[{"name":"wp","href":"https:\/\/api.w.org\/{rel}","templated":true}]}}