{"id":630567,"date":"2025-12-30T20:02:09","date_gmt":"2025-12-30T20:02:09","guid":{"rendered":"https:\/\/www.europesays.com\/fr\/630567\/"},"modified":"2025-12-30T20:02:09","modified_gmt":"2025-12-30T20:02:09","slug":"tiger-woods-50-ans-et-une-grande-question-quand-rejouera-t-il","status":"publish","type":"post","link":"https:\/\/www.europesays.com\/fr\/630567\/","title":{"rendered":"Tiger Woods, 50 ans et une grande question: quand rejouera-t-il ?"},"content":{"rendered":"<p><strong>L\u00e9gende absolue du golf, Tiger<br \/>\nWoods f\u00eate ce mardi ses 50 ans. Mais apr\u00e8s un saison blanche, son<br \/>\nretour \u00e0 la comp\u00e9tition semble encore assez<br \/>\nlointain.<\/strong><\/p>\n<p>Deux monstres sacr\u00e9s du sport am\u00e9ricain f\u00eatent leur anniversaire<br \/>\nce mardi 30 d\u00e9cembre. LeBron James c\u00e9l\u00e8bre ses 41 ans, et reste un<br \/>\njoueur majeur de NBA, o\u00f9 il impose de nouveaux standards de<br \/>\nlong\u00e9vit\u00e9. Quant \u00e0 Tiger Woods, le voil\u00e0 d\u00e9sormais \u00e0 50 ans.<\/p>\n<p>Le \u00ab\u00a0Tigre\u00a0\u00bb a l\u2019\u00e2ge d\u2019int\u00e9grer le PGA Tour Champions,<br \/>\nle circuit \u00ab\u00a0senior\u00a0\u00bb o\u00f9 s\u2019affrontent les grands<br \/>\nchampions qui ont encore la passion de la petite balle blanche.<br \/>\nMais avoir 50 ans, en golf, n\u2019est pas synonyme de d\u00e9part \u00e0 la<br \/>\nretraite. Phil Mickelson \u00e9tait quinquag\u00e9naire lorsqu\u2019il a remport\u00e9<br \/>\nson dernier majeur, le PGA Championship, en 2021. A une \u00e9poque pas<br \/>\nsi lointaine, en 1998, le mythique Jack Nicklaus avait 58 ans la<br \/>\nderni\u00e8re fois qu\u2019il a jou\u00e9 la victoire au Masters, \u00e0 Augusta.<\/p>\n<blockquote class=\"twitter-tweet\"><p><a class=\"twitter-link\" rel=\"noindex, nofollow noopener\" href=\"https:\/\/twitter.com\/PGATOUR\/status\/2005972139271233930\" target=\"_blank\"><\/p><\/blockquote>\n<p>Le probl\u00e8me, c\u2019est que Tiger Woods est un golfeur en piteux<br \/>\n\u00e9tat, malheureusement pour lui. Il sort d\u2019une ann\u00e9e blanche, qui<br \/>\navait d\u00e9but\u00e9 par un forfait en f\u00e9vrier au Genesis Invitational,<br \/>\napr\u00e8s le d\u00e9c\u00e8s de sa m\u00e8re Kultida. En mars, l\u2019Am\u00e9ricain a \u00e9t\u00e9<br \/>\nvictime une blessure au tendon d\u2019Achille alors qu\u2019il pr\u00e9parait le<br \/>\nMasters. Et son retour \u00e0 la comp\u00e9tition n\u2019est pas pr\u00e9vu pour le<br \/>\nmoment.<\/p>\n<p>Tiger Woods pas pr\u00eat de retrouver les greens\u2026<\/p>\n<p>D\u00e9but d\u00e9cembre, en marge d\u2019un tournoi au Bahamas, l\u2019homme aux 15<br \/>\nvictoires en Majeur tenait un discours assez peu rassurant au sujet<br \/>\nde son retour au jeu. \u00ab\u00a0Une fois que j\u2019aurais le feeling<br \/>\npour m\u2019entra\u00eener, acc\u00e9l\u00e9rer, jouer et g\u00e9rer la r\u00e9cup\u00e9ration, je<br \/>\npourrai \u00e9valuer o\u00f9 je vais jouer et combien de temps je vais<br \/>\njouer, avait-il confi\u00e9. Je suis encore loin de cette \u00e9tape<br \/>\net de ce type de d\u00e9cision, de ce niveau<br \/>\nd\u2019engagement.\u00a0\u00bb<\/p>\n<p>Depuis son tr\u00e8s grave accident de voiture \u00e0 Los Angeles en<br \/>\nf\u00e9vrier 2021, Tiger Woods n\u2019a disput\u00e9 que 11 tournois PGA en<br \/>\nl\u2019espace de cinq ans. Sa derni\u00e8re comp\u00e9tition remonte \u00e0 l\u2019\u00e9t\u00e9 2024,<br \/>\nle British Open en Ecosse. Et la prochaine ? Myst\u00e8re\u2026<\/p>\n<blockquote class=\"twitter-tweet\"><p><a class=\"twitter-link\" rel=\"noindex, nofollow noopener\" href=\"https:\/\/twitter.com\/PGATOUR\/status\/2006017684081615018\" target=\"_blank\"><\/p><\/blockquote>\n<p>\u00a0<\/p>\n<p>\u00a0<\/p>\n<p><script async src=\"https:\/\/platform.twitter.com\/widgets.js\" charset=\"utf-8\"><\/script><\/p>\n","protected":false},"excerpt":{"rendered":"L\u00e9gende absolue du golf, Tiger Woods f\u00eate ce mardi ses 50 ans. Mais apr\u00e8s un saison blanche, son&hellip;\n","protected":false},"author":2,"featured_media":630568,"comment_status":"","ping_status":"","sticky":false,"template":"","format":"standard","meta":{"footnotes":""},"categories":[1418],"tags":[1011,27,1472,60],"class_list":{"0":"post-630567","1":"post","2":"type-post","3":"status-publish","4":"format-standard","5":"has-post-thumbnail","7":"category-golf","8":"tag-fr","9":"tag-france","10":"tag-golf","11":"tag-sports"},"share_on_mastodon":{"url":"https:\/\/pubeurope.com\/@fr\/115810306809736806","error":""},"_links":{"self":[{"href":"https:\/\/www.europesays.com\/fr\/wp-json\/wp\/v2\/posts\/630567","targetHints":{"allow":["GET"]}}],"collection":[{"href":"https:\/\/www.europesays.com\/fr\/wp-json\/wp\/v2\/posts"}],"about":[{"href":"https:\/\/www.europesays.com\/fr\/wp-json\/wp\/v2\/types\/post"}],"author":[{"embeddable":true,"href":"https:\/\/www.europesays.com\/fr\/wp-json\/wp\/v2\/users\/2"}],"replies":[{"embeddable":true,"href":"https:\/\/www.europesays.com\/fr\/wp-json\/wp\/v2\/comments?post=630567"}],"version-history":[{"count":0,"href":"https:\/\/www.europesays.com\/fr\/wp-json\/wp\/v2\/posts\/630567\/revisions"}],"wp:featuredmedia":[{"embeddable":true,"href":"https:\/\/www.europesays.com\/fr\/wp-json\/wp\/v2\/media\/630568"}],"wp:attachment":[{"href":"https:\/\/www.europesays.com\/fr\/wp-json\/wp\/v2\/media?parent=630567"}],"wp:term":[{"taxonomy":"category","embeddable":true,"href":"https:\/\/www.europesays.com\/fr\/wp-json\/wp\/v2\/categories?post=630567"},{"taxonomy":"post_tag","embeddable":true,"href":"https:\/\/www.europesays.com\/fr\/wp-json\/wp\/v2\/tags?post=630567"}],"curies":[{"name":"wp","href":"https:\/\/api.w.org\/{rel}","templated":true}]}}