{"id":630573,"date":"2025-12-30T20:09:10","date_gmt":"2025-12-30T20:09:10","guid":{"rendered":"https:\/\/www.europesays.com\/fr\/630573\/"},"modified":"2025-12-30T20:09:10","modified_gmt":"2025-12-30T20:09:10","slug":"giro-tour-ditalie-mikel-landa-leader-sur-le-giro-et-chasseur-detape-sur-le-tour","status":"publish","type":"post","link":"https:\/\/www.europesays.com\/fr\/630573\/","title":{"rendered":"Giro. Tour d&rsquo;Italie &#8211; Mikel Landa leader sur le Giro et chasseur d&rsquo;\u00e9tape sur le Tour"},"content":{"rendered":"<p>Quel sera le r\u00f4le de <strong><a href=\"https:\/\/www.cyclismactu.net\/..\/news-tour-d-espagne-route-mikel-landa-il-n-y-a-pas-de-veritable-surprise-91281.html\" target=\"_blank\" rel=\"noopener\">Mikel Landa<\/a> <\/strong>(Soudal Quick-Step)\u00a0maintenant qu&rsquo;il n&rsquo;\u00e9paulera plus <strong><a href=\"https:\/\/www.cyclismactu.net\/..\/news-route-remco-evenepoel-je-veux-etre-meilleur-que-tadej-pogacar-91330.html\" target=\"_blank\" rel=\"noopener\">Remco Evenepoel<\/a> <\/strong>(Red Bull-Bora-Hansgrohe) ? Recrut\u00e9 dans un r\u00f4le d&rsquo;\u00e9quipier de luxe pour le champion olympique, le Basque aura d\u00e9sormais carte libre en montagne, dans une \u00e9quipe o\u00f9 les grimpeurs ne sont pas nombreux. Ce sera donc en tant que leader du classement g\u00e9n\u00e9ral que l&rsquo;Espagnol se rendra sur le <strong>Tour d&rsquo;Italie<\/strong>, tandis que\u00a0<strong><a href=\"https:\/\/www.cyclismactu.net\/..\/news-route-paul-magnier-la-pression-vous-savez-me-mets-moi-meme-91143.html\" target=\"_blank\" rel=\"noopener\">Paul Magnier<\/a><\/strong>\u00a0jouera quant \u00e0 lui les sprints. Il souhaitera donc prendre sa revanche sur une course qu&rsquo;il avait quitt\u00e9 le premier jour l&rsquo;an dernier, avant de se rendre sur les routes du <strong><a href=\"https:\/\/www.cyclismactu.net\/..\/news-tdf-route-tour-de-france-le-grand-depart-du-tour-de-france-2028-a-reims-91321.html\" target=\"_blank\" rel=\"noopener\">Tour de France<\/a><\/strong>. Sur les routes fran\u00e7aises, l&rsquo;Espagnol viendra\u00a0pour y chasser les \u00e9tapes, tout comme <strong>Valentin Paret-Peintre <\/strong>et <strong>Tim Merlier<\/strong>, qui l&rsquo;accompagneront en France. Le grimpeur de 36 ans a confirm\u00e9 son programme au m\u00e9dia espagnol <a href=\"https:\/\/www.deia.eus\/ciclismo\/2025\/12\/28\/mikel-landa-nuevo-ano-le-pido-mejor-10519411.html\" target=\"_blank\" rel=\"noopener\">Deia<\/a>.<\/p>\n<p>Vid\u00e9o &#8211; Landa seulement battu par Bernal sur La Vuelta Lire la suite de l&rsquo;article&#13;<\/p>\n<p>\u00a0<\/p>\n<p>&#13;<br \/>\n\u00ab\u00a0Si je suis \u00e0 mon niveau et que l&rsquo;\u00e9quipe me veut&#8230;\u00a0\u00bb&#13;<\/p>\n<p>\u00c0 l&rsquo;aube de sa 17e saison professionnelle, <strong>Mikel Landa <\/strong>n&rsquo;\u00e9carte pas de poursuivre encore une ann\u00e9e apr\u00e8s 2026. Sa d\u00e9cision d\u00e9pendra beaucoup de l&rsquo;ann\u00e9e qui vient, lui dont le contrat se termine en fin de saison prochaine : \u00ab\u00a0Si je continue \u00e0 m\u2019amuser cette ann\u00e9e, si je suis \u00e0 mon niveau et que l\u2019\u00e9quipe me veut, je continuerai\u00a0\u00bb. Encore septi\u00e8me de <strong>Tirreno-Adriatico <\/strong>et quatri\u00e8me du <strong>Tour de Catalogne <\/strong>en 2025, l&rsquo;Espagnol semble avoir encore des ressources pour bien figurer dans un classement g\u00e9n\u00e9ral, si la malchance ne vient pas s&rsquo;en m\u00ealer&#8230;<\/p>\n","protected":false},"excerpt":{"rendered":"Quel sera le r\u00f4le de Mikel Landa (Soudal Quick-Step)\u00a0maintenant qu&rsquo;il n&rsquo;\u00e9paulera plus Remco Evenepoel (Red Bull-Bora-Hansgrohe) ? Recrut\u00e9&hellip;\n","protected":false},"author":2,"featured_media":630574,"comment_status":"","ping_status":"","sticky":false,"template":"","format":"standard","meta":{"footnotes":""},"categories":[1411],"tags":[1154,207,1011,27,209,60,3318,208],"class_list":{"0":"post-630573","1":"post","2":"type-post","3":"status-publish","4":"format-standard","5":"has-post-thumbnail","7":"category-cyclisme","8":"tag-cycling","9":"tag-cyclisme","10":"tag-fr","11":"tag-france","12":"tag-route","13":"tag-sports","14":"tag-tour-d","15":"tag-velo"},"share_on_mastodon":{"url":"https:\/\/pubeurope.com\/@fr\/115810334378480774","error":""},"_links":{"self":[{"href":"https:\/\/www.europesays.com\/fr\/wp-json\/wp\/v2\/posts\/630573","targetHints":{"allow":["GET"]}}],"collection":[{"href":"https:\/\/www.europesays.com\/fr\/wp-json\/wp\/v2\/posts"}],"about":[{"href":"https:\/\/www.europesays.com\/fr\/wp-json\/wp\/v2\/types\/post"}],"author":[{"embeddable":true,"href":"https:\/\/www.europesays.com\/fr\/wp-json\/wp\/v2\/users\/2"}],"replies":[{"embeddable":true,"href":"https:\/\/www.europesays.com\/fr\/wp-json\/wp\/v2\/comments?post=630573"}],"version-history":[{"count":0,"href":"https:\/\/www.europesays.com\/fr\/wp-json\/wp\/v2\/posts\/630573\/revisions"}],"wp:featuredmedia":[{"embeddable":true,"href":"https:\/\/www.europesays.com\/fr\/wp-json\/wp\/v2\/media\/630574"}],"wp:attachment":[{"href":"https:\/\/www.europesays.com\/fr\/wp-json\/wp\/v2\/media?parent=630573"}],"wp:term":[{"taxonomy":"category","embeddable":true,"href":"https:\/\/www.europesays.com\/fr\/wp-json\/wp\/v2\/categories?post=630573"},{"taxonomy":"post_tag","embeddable":true,"href":"https:\/\/www.europesays.com\/fr\/wp-json\/wp\/v2\/tags?post=630573"}],"curies":[{"name":"wp","href":"https:\/\/api.w.org\/{rel}","templated":true}]}}