{"id":630575,"date":"2025-12-30T20:10:11","date_gmt":"2025-12-30T20:10:11","guid":{"rendered":"https:\/\/www.europesays.com\/fr\/630575\/"},"modified":"2025-12-30T20:10:11","modified_gmt":"2025-12-30T20:10:11","slug":"entre-lol-et-monaco-il-nexiste-plus-dentre-deux","status":"publish","type":"post","link":"https:\/\/www.europesays.com\/fr\/630575\/","title":{"rendered":"Entre l&rsquo;OL et Monaco, il n&rsquo;existe plus d&rsquo;entre-deux"},"content":{"rendered":"<p>                            <img width=\"770\" height=\"433\" src=\"https:\/\/www.europesays.com\/fr\/wp-content\/uploads\/2025\/12\/000_34QG8DB-e1714456290292-770x433.jpg\" class=\"attachment-article size-article wp-post-image\" alt=\"\" decoding=\"async\" fetchpriority=\"high\"  \/><\/p>\n<p>Clinton Mata (OL) et Youssouf Fofana (Monaco) (Photo by JEFF PACHOUD \/ AFP)<\/p>\n<p>Dans leur histoire, l&rsquo;OL et Monaco se sont affront\u00e9s \u00e0 132 reprises. On notera qu&rsquo;il n&rsquo;y a pas eu de match nul entre les deux \u00e9quipes depuis 2015.<\/p>\n<p>Voil\u00e0 un match fort int\u00e9ressant pour une reprise. Certes, Monaco et l&rsquo;OL ne seront pas <a href=\"https:\/\/www.olympique-et-lyonnais.com\/ol-fofana-et-nuamah-donnent-de-leurs-nouvelles,387567.html\" target=\"_blank\" rel=\"noopener\">au complet<\/a> pour la rencontre de samedi en Ligue 1 (17 heures). N\u00e9anmoins, entre deux formations qui visent une qualification europ\u00e9enne, ces trois points seront cruciaux, peu importe le 11 choisi dans les <a href=\"https:\/\/www.olympique-et-lyonnais.com\/monaco-avant-de-recevoir-lol-dier-et-pogba-absents-de-lentrainement-collectif,387603.html\" target=\"_blank\" rel=\"noopener\">deux camps<\/a>. Avant cette 17e journ\u00e9e, ce sont les partenaires de Nicolas <strong>Tagliafico <\/strong>qui devancent ceux de Paul <strong>Pogba <\/strong>de quatre longueurs.<\/p>\n<p>Dernier match nul en octobre 2015<\/p>\n<p>De combien sera l&rsquo;\u00e9cart le 3 janvier prochain \u00e0 19 heures ? Si l&rsquo;on en croit l&rsquo;historique de la d\u00e9cennie \u00e9coul\u00e9e, de un ou sept points. En effet, depuis le 16 octobre 2015, il n&rsquo;y a pas eu de match nul entre Lyonnais et Mon\u00e9gasques. \u00c0 l&rsquo;\u00e9poque, <strong>Rafael <\/strong>avait r\u00e9pondu \u00e0 Mario <strong>Pa\u0161ali\u0107 <\/strong>(1-1). Plus de dix ans donc, et vingt confrontations, qui ont tourn\u00e9 plus souvent en faveur des Rhodaniens. <\/p>\n<p>Ces derniers ont remport\u00e9 douze affiches, pour huit revers. Il n&rsquo;y a donc pas vraiment d&rsquo;entre-deux r\u00e9cemment entre les deux \u00e9quipes. Sur les 132 duels les ayant oppos\u00e9s, seuls 26 n&rsquo;ont pas eu de vainqueur. Soit 19,7%. En revanche, le bilan est encore largement \u00e0 l&rsquo;avantage du club de la Principaut\u00e9, qui a remport\u00e9 58 parties, contre 48 pour les septuples champions de France (2002-2008). <\/p>\n","protected":false},"excerpt":{"rendered":"Clinton Mata (OL) et Youssouf Fofana (Monaco) (Photo by JEFF PACHOUD \/ AFP) Dans leur histoire, l&rsquo;OL et&hellip;\n","protected":false},"author":2,"featured_media":630576,"comment_status":"","ping_status":"","sticky":false,"template":"","format":"standard","meta":{"footnotes":""},"categories":[1410],"tags":[63,1011,27,3127,241,60,2188],"class_list":{"0":"post-630575","1":"post","2":"type-post","3":"status-publish","4":"format-standard","5":"has-post-thumbnail","7":"category-football","8":"tag-football","9":"tag-fr","10":"tag-france","11":"tag-monaco","12":"tag-ol","13":"tag-sports","14":"tag-statistiques"},"share_on_mastodon":{"url":"https:\/\/pubeurope.com\/@fr\/115810338390202839","error":""},"_links":{"self":[{"href":"https:\/\/www.europesays.com\/fr\/wp-json\/wp\/v2\/posts\/630575","targetHints":{"allow":["GET"]}}],"collection":[{"href":"https:\/\/www.europesays.com\/fr\/wp-json\/wp\/v2\/posts"}],"about":[{"href":"https:\/\/www.europesays.com\/fr\/wp-json\/wp\/v2\/types\/post"}],"author":[{"embeddable":true,"href":"https:\/\/www.europesays.com\/fr\/wp-json\/wp\/v2\/users\/2"}],"replies":[{"embeddable":true,"href":"https:\/\/www.europesays.com\/fr\/wp-json\/wp\/v2\/comments?post=630575"}],"version-history":[{"count":0,"href":"https:\/\/www.europesays.com\/fr\/wp-json\/wp\/v2\/posts\/630575\/revisions"}],"wp:featuredmedia":[{"embeddable":true,"href":"https:\/\/www.europesays.com\/fr\/wp-json\/wp\/v2\/media\/630576"}],"wp:attachment":[{"href":"https:\/\/www.europesays.com\/fr\/wp-json\/wp\/v2\/media?parent=630575"}],"wp:term":[{"taxonomy":"category","embeddable":true,"href":"https:\/\/www.europesays.com\/fr\/wp-json\/wp\/v2\/categories?post=630575"},{"taxonomy":"post_tag","embeddable":true,"href":"https:\/\/www.europesays.com\/fr\/wp-json\/wp\/v2\/tags?post=630575"}],"curies":[{"name":"wp","href":"https:\/\/api.w.org\/{rel}","templated":true}]}}