{"id":630577,"date":"2025-12-30T20:11:10","date_gmt":"2025-12-30T20:11:10","guid":{"rendered":"https:\/\/www.europesays.com\/fr\/630577\/"},"modified":"2025-12-30T20:11:10","modified_gmt":"2025-12-30T20:11:10","slug":"lacteur-americain-devient-francais-ainsi-que-toute-sa-famille","status":"publish","type":"post","link":"https:\/\/www.europesays.com\/fr\/630577\/","title":{"rendered":"l\u2019acteur am\u00e9ricain devient fran\u00e7ais ainsi que toute sa famille"},"content":{"rendered":"<p>      lire plus tard<\/p>\n<p id=\"dialog__title\" class=\"dialog__title\">Pour sauvegarder cet article, connectez-vous ou cr\u00e9ez un compte franceinfo<\/p>\n<p class=\"dialog__description\">Sans paiement. Sans abonnement.<\/p>\n<p>        Fermer la fen\u00eatre d\u2019activation des notifications France Info<\/p>\n<p>      cr\u00e9er votre compte<\/p>\n<p>      se connecter<\/p>\n<p>      :<\/p>\n<p>        Fermer la fen\u00eatre de pr\u00e9sentation<\/p>\n<p>    Publi\u00e9 le 30\/12\/2025 15:50<\/p>\n<p>        Temps de lecture : 2min &#8211; vid\u00e9o : 2min<\/p>\n<p>    <img decoding=\"async\" class=\"francetv-player-wrapper__image\" alt=\"George Clooney : l\u2019acteur am\u00e9ricain devient fran\u00e7ais ainsi que toute sa famille\"  width=\"432\" height=\"243\" src=\"https:\/\/www.europesays.com\/fr\/wp-content\/uploads\/2025\/12\/video-29-6953e5b45ba85736957462.jpg\" fetchpriority=\"high\"\/><\/p>\n<p>              George Clooney : l\u2019acteur am\u00e9ricain devient fran\u00e7ais ainsi que toute sa famille<br \/>\n                    (France 2)<\/p>\n<p>      2min<\/p>\n<p>\n  George Clooney devient officiellement Fran\u00e7ais. L&rsquo;acteur, sa femme et leurs deux enfants ont \u00e9t\u00e9 naturalis\u00e9s il y a quelques jours. La famille Clooney est li\u00e9e de longue date au sud de la France, o\u00f9 ils ont achet\u00e9 un domaine viticole \u00e0 Brignoles (Var). Un choix de vie discret, loin des paparazzis et de Hollywood.\n<\/p>\n<p><strong>Ce texte correspond \u00e0 une partie de la retranscription du reportage ci-dessus. Cliquez sur la vid\u00e9o pour la regarder dans son int\u00e9gralit\u00e9.<\/strong><\/p>\n<p>La France a un nouvel acteur de renom. Et pas n&rsquo;importe qui : <a href=\"http:\/\/www.franceinfo.fr\/culture\/people\/naturalisation-de-georges-clooney-la-star-americaine-est-tres-impliquee-dans-sa-commune-du-var-selon-une-redactrice-en-chef-de-paris-match_7710535.html#:~:text=Le%20d%C3%A9cret%20de%20naturalisation%20a,information%20r%C3%A9v%C3%A9l%C3%A9e%20par%20Paris%20Match.\" target=\"_blank\" rel=\"noopener\">George Clooney<\/a>. L\u2019acteur am\u00e9ricain est fran\u00e7ais depuis ce week-end du samedi 27 et dimanche 28 d\u00e9cembre. Et chez lui, \u00e0 Brignoles, dans le Var, les habitants sont ravis. \u00ab\u00a0\u00c7a fait toujours plaisir qu&rsquo;un acteur comme lui soit naturalis\u00e9, surtout pendant ces f\u00eates de fin d&rsquo;ann\u00e9e. C&rsquo;est de tr\u00e8s bon c\u0153ur qu&rsquo;on l&rsquo;accepte\u00a0\u00bb, lance un passant. \u00ab\u00a0\u00c7a me fait plaisir parce que vu ce qui se passe aux \u00c9tats-Unis, il a bien raison de changer de nationalit\u00e9\u00a0\u00bb, lance une autre.<\/p>\n<p>Passeport tricolore en poche \u00e9galement pour Amal Clooney, sa femme, et leurs deux enfants. Un coup de foudre pour la France concr\u00e9tis\u00e9 en 2021. Loin des \u00c9tats-Unis, de son agitation, toute la famille a choisi le calme d\u2019une bastide proven\u00e7ale. \u00ab\u00a0Je les conduis \u00e0 l&rsquo;\u00e9cole. Ici, il y a des lois qui emp\u00eachent de prendre vos enfants en photo, ce qui n&rsquo;existe pas aux \u00c9tats-Unis. On voulait leur offrir un cadre s\u00e9curisant, leur permettre de grandir de fa\u00e7on normale. Et pour l&rsquo;instant, \u00e7a marche plut\u00f4t bien. Ils ont une vie tout \u00e0 fait \u00e9quilibr\u00e9e. Nous sommes chanceux\u00a0\u00bb, a d\u00e9clar\u00e9 George Clooney, com\u00e9dien, le 24 novembre dernier.<\/p>\n<p>Une chance d&rsquo;\u00eatre en Provence, mais il y a encore des progr\u00e8s \u00e0 faire en fran\u00e7ais. Ce qui ne l&#8217;emp\u00eache pas d&rsquo;\u00eatre investi dans sa commune. Comme lors de l&rsquo;inauguration du cin\u00e9ma, ou lorsqu\u2019il a financ\u00e9 une ferme de fruits et l\u00e9gumes bio pour la cantine de l&rsquo;\u00e9cole. \u00ab\u00a0J&rsquo;aime quasiment tout en France. J&rsquo;aime les gens. Nous avons d\u00e9j\u00e0 un groupe d&rsquo;amis tr\u00e8s soud\u00e9s et merveilleux l\u00e0 o\u00f9 nous vivons. L&rsquo;\u00e9cole de nos enfants est exceptionnelle. Je n&rsquo;ai rien d&rsquo;autre que de belles exp\u00e9riences ici\u00a0\u00bb, affirme l\u2019acteur. La France, la douceur de la Provence, alors, pour combler George Clooney, quoi d&rsquo;autre ?<\/p>\n","protected":false},"excerpt":{"rendered":"lire plus tard Pour sauvegarder cet article, connectez-vous ou cr\u00e9ez un compte franceinfo Sans paiement. Sans abonnement. Fermer&hellip;\n","protected":false},"author":2,"featured_media":630578,"comment_status":"","ping_status":"","sticky":false,"template":"","format":"standard","meta":{"footnotes":""},"categories":[1359],"tags":[58,59,1011,27,973],"class_list":{"0":"post-630577","1":"post","2":"type-post","3":"status-publish","4":"format-standard","5":"has-post-thumbnail","7":"category-people","8":"tag-divertissement","9":"tag-entertainment","10":"tag-fr","11":"tag-france","12":"tag-people"},"share_on_mastodon":{"url":"https:\/\/pubeurope.com\/@fr\/115810342530182943","error":""},"_links":{"self":[{"href":"https:\/\/www.europesays.com\/fr\/wp-json\/wp\/v2\/posts\/630577","targetHints":{"allow":["GET"]}}],"collection":[{"href":"https:\/\/www.europesays.com\/fr\/wp-json\/wp\/v2\/posts"}],"about":[{"href":"https:\/\/www.europesays.com\/fr\/wp-json\/wp\/v2\/types\/post"}],"author":[{"embeddable":true,"href":"https:\/\/www.europesays.com\/fr\/wp-json\/wp\/v2\/users\/2"}],"replies":[{"embeddable":true,"href":"https:\/\/www.europesays.com\/fr\/wp-json\/wp\/v2\/comments?post=630577"}],"version-history":[{"count":0,"href":"https:\/\/www.europesays.com\/fr\/wp-json\/wp\/v2\/posts\/630577\/revisions"}],"wp:featuredmedia":[{"embeddable":true,"href":"https:\/\/www.europesays.com\/fr\/wp-json\/wp\/v2\/media\/630578"}],"wp:attachment":[{"href":"https:\/\/www.europesays.com\/fr\/wp-json\/wp\/v2\/media?parent=630577"}],"wp:term":[{"taxonomy":"category","embeddable":true,"href":"https:\/\/www.europesays.com\/fr\/wp-json\/wp\/v2\/categories?post=630577"},{"taxonomy":"post_tag","embeddable":true,"href":"https:\/\/www.europesays.com\/fr\/wp-json\/wp\/v2\/tags?post=630577"}],"curies":[{"name":"wp","href":"https:\/\/api.w.org\/{rel}","templated":true}]}}