{"id":630579,"date":"2025-12-30T20:12:14","date_gmt":"2025-12-30T20:12:14","guid":{"rendered":"https:\/\/www.europesays.com\/fr\/630579\/"},"modified":"2025-12-30T20:12:14","modified_gmt":"2025-12-30T20:12:14","slug":"le-grand-palais-transforme-en-grotte-baroque-par-eva-jospin","status":"publish","type":"post","link":"https:\/\/www.europesays.com\/fr\/630579\/","title":{"rendered":"Le Grand Palais transform\u00e9 en grotte baroque par Eva Jospin"},"content":{"rendered":"<p class=\"editor-content__paragraph\">Il y a cette histoire qu\u2019<a href=\"https:\/\/www.beauxarts.com\/vu\/des-cartons-deva-jospin-seveillent-mondes-et-merveilles\/\" target=\"_blank\" rel=\"noopener\"><strong>Eva Jospin<\/strong><\/a> (n\u00e9e en 1975) raconte. Un jeune Romain tombe par hasard dans une cavit\u00e9 oubli\u00e9e et d\u00e9couvre, stup\u00e9fait, des fresques magnifiques sous terre. C\u2019est la Domus Aurea de N\u00e9ron, ensevelie depuis des si\u00e8cles. De ce <strong>palais devenu grotte<\/strong> na\u00eetra le <strong>\u00ab\u00a0grotesque\u00a0\u00bb<\/strong>, ce style dans lequel <strong>l\u2019architectural et le v\u00e9g\u00e9tal s\u2019enlacent<\/strong> dans un d\u00e9lire d\u00e9coratif. Ainsi l\u2019artiste tire-t-elle ce fil l\u00e9gendaire pour tisser <strong>son propre labyrinthe au Grand Palais<\/strong> et sculpter ses mythes.<\/p>\n<p class=\"editor-content__paragraph\">On comprend d\u00e8s l\u2019entr\u00e9e qu\u2019il faudra marcher, tourner, revenir sur ses pas pour <strong>appr\u00e9hender ce parcours<\/strong>, accessible avec le m\u00eame billet que <a href=\"https:\/\/www.beauxarts.com\/expos\/vitraux-de-notre-dame-claire-tabouret-revele-ses-majestueuses-maquettes-au-grand-palais\/\" target=\"_blank\" rel=\"noopener\">l\u2019exposition des<strong> maquettes des vitraux de Notre-Dame par Claire Tabouret<\/strong><\/a>. Avec Eva Jospin, rien ne se donne d\u2019un seul regard.<\/p>\n<p>        \u00c0 lire aussi :<br \/>\n        <a class=\"renvoi-explicite__link\" href=\"https:\/\/www.beauxarts.com\/expos\/vitraux-de-notre-dame-claire-tabouret-revele-ses-majestueuses-maquettes-au-grand-palais\/\" target=\"_blank\" rel=\"noopener\">Vitraux de Notre-Dame : Claire Tabouret r\u00e9v\u00e8le ses majestueuses maquettes au Grand Palais<\/a><\/p>\n<p>Une for\u00eat d\u2019hommages \u00e0 l\u2019histoire de l\u2019art<\/p>\n<p class=\"editor-content__paragraph\">On s\u2019\u00e9merveille d\u2019abord devant <strong>un promontoire vertigineux<\/strong>, puis un c\u00e9notaphe qui s\u2019\u00e9l\u00e8ve comme une <strong>tour de Babel en carton<\/strong>, ce mat\u00e9riau banal dont l\u2019artiste a fait sa signature. Dipl\u00f4m\u00e9e des Beaux-Arts de Paris, la fille de l\u2019ancien Premier ministre qui voulait \u00eatre peintre s\u2019est faufil\u00e9e dans la sculpture par cette br\u00e8che humble, transformant depuis bient\u00f4t vingt ans les reliques du commerce mondialis\u00e9 en <strong>dentelles architecturales<\/strong>.<\/p>\n<p>    <img loading=\"lazy\" decoding=\"async\" class=\"image__img\" src=\"https:\/\/www.europesays.com\/fr\/wp-content\/uploads\/2025\/12\/webimg_9999_193hd-964x643.jpg\" alt=\"Vue d\u2019exposition \u00ab\u00a0Grottesco\u00a0\u00bb d\u2019Eva Jospin, et notamment \u00ab\u00a0Panorama\u00a0\u00bb, au Grand Palais, Paris\" width=\"964\" height=\"643\"\/><\/p>\n<p>Vue d\u2019exposition \u00ab\u00a0Grottesco\u00a0\u00bb d\u2019Eva Jospin, et notamment \u00ab\u00a0Panorama\u00a0\u00bb, au Grand Palais, Paris, 2025<\/p>\n<p>    i<\/p>\n<p class=\"legende__cartel\">\u00a9 GrandPalaisRmn, Paris, 2025 \/ Photo Simon Lerat<\/p>\n<blockquote class=\"editor-content__blockquote editor-content__blockquote--align-left\">\n<p>Eva Jospin repousse toujours plus loin son exploration des mati\u00e8res, des \u00e9chelles, des techniques.<\/p>\n<\/blockquote>\n<p class=\"editor-content__paragraph\">En se promenant parmi <strong>ses for\u00eats opaques<\/strong>, on pense aux primitifs italiens, \u00e0 <a href=\"https:\/\/www.beauxarts.com\/grand-format\/giovanni-bellini-en-2-minutes\/\" target=\"_blank\" rel=\"noopener\">Giovanni Bellini<\/a>, \u00e0 Piero di Cosimo. Ses arbres <strong>d\u00e9coup\u00e9s au cutter<\/strong>, ses grottes <strong>peintes en trompe-l\u2019\u0153il<\/strong>, ses coquillages cach\u00e9s dans les plafonds\u00a0: tout concourt \u00e0 composer un monde dans lequel<strong> le min\u00e9ral dialogue avec le textile<\/strong>, o\u00f9 la sculpture rencontre la broderie, o\u00f9 <strong>la m\u00e9moire de l\u2019histoire de l\u2019art<\/strong> affleure sans jamais se figer en citation.<\/p>\n<p>Des bas-reliefs brod\u00e9s comme des mini-th\u00e9\u00e2tres<\/p>\n<p class=\"editor-content__paragraph\">Parmi <strong>la quinzaine d\u2019\u0153uvres expos\u00e9es<\/strong>, quelques pi\u00e8ces in\u00e9dites troublent encore davantage les fronti\u00e8res. Une <strong>s\u00e9rie de bas-reliefs brod\u00e9s<\/strong> accrochent la lumi\u00e8re avec des perles, fils libres et franges qui cascadent comme des nymph\u00e9es, des fontaines \u00e0 nymphes, r\u00e9invent\u00e9es. Jospin repousse toujours plus loin son <strong>exploration des mati\u00e8res, des \u00e9chelles<\/strong>, des techniques. Elle aime autant travailler un brin d\u2019herbe avec une pince \u00e0 \u00e9piler que manier la ponceuse en haut d\u2019une \u00e9chelle pour polir un d\u00f4me de dix m\u00e8tres.<\/p>\n<p>    <img loading=\"lazy\" decoding=\"async\" class=\"image__img\" src=\"https:\/\/www.europesays.com\/fr\/wp-content\/uploads\/2025\/12\/ajd-964x1446.jpg\" alt=\"\u0152uvre in\u00e9dite d\u2019Eva Jospin entre carton, broderie et fils, expos\u00e9e au Grand Palais pour l\u2019exposition \u00ab\u00a0Grottesco\u00a0\u00bb\" width=\"964\" height=\"1446\"\/><\/p>\n<p>\u0152uvre in\u00e9dite d\u2019Eva Jospin entre carton, broderie et fils, expos\u00e9e au Grand Palais pour l\u2019exposition \u00ab\u00a0Grottesco\u00a0\u00bb, 2025<\/p>\n<p>    i<\/p>\n<p class=\"legende__cartel\">\u00a9 GrandPalaisRmn, Paris, 2025 \/ Photo Simon Lerat<\/p>\n<p class=\"editor-content__paragraph\">De Sous-Bois en Arche, votre d\u00e9ambulation, passant des<strong> jardins baroques italiens<\/strong> aux <strong>rocailles<\/strong> du XVIIIe si\u00e8cle, se termine devant Panorama. Semblable \u00e0 une <strong>grande for\u00eat enchant\u00e9e<\/strong>, cet arc de cercle de neuf m\u00e8tres sur neuf en bois et carton enveloppe les visiteurs.<\/p>\n<p>        \u00c0 lire aussi :<br \/>\n        <a class=\"renvoi-explicite__link\" href=\"https:\/\/www.beauxarts.com\/vu\/des-cartons-deva-jospin-seveillent-mondes-et-merveilles\/\" target=\"_blank\" rel=\"noopener\">Des cartons d&rsquo;\u00c9va Jospin, s&rsquo;\u00e9veillent mondes et merveilles<\/a><\/p>\n<p>La magie des grottes<\/p>\n<p>    <img loading=\"lazy\" decoding=\"async\" class=\"image__img\" src=\"https:\/\/www.europesays.com\/fr\/wp-content\/uploads\/2025\/12\/ajimg_9999_155hd-1-964x1162.jpg\" alt=\"Un temple f\u00e9erique miniature en bois et carton d\u2019Eva Jospin \u00e0 l\u2019exposition \u00ab\u00a0Grottesco\u00a0\u00bb du Grand Palais, Paris\" width=\"964\" height=\"1162\"\/><\/p>\n<p>Un temple f\u00e9erique miniature en bois et carton d\u2019Eva Jospin \u00e0 l\u2019exposition \u00ab\u00a0Grottesco\u00a0\u00bb du Grand Palais, Paris, 2025<\/p>\n<p>    i<\/p>\n<p class=\"legende__cartel\">\u00a9 GrandPalaisRmn, Paris, 2025 \/ Photo Simon Lerat<\/p>\n<p class=\"editor-content__paragraph\">En fin de journ\u00e9e, quand s\u2019obscurcit le ciel de Paris per\u00e7ant par les fen\u00eatres, la magie op\u00e8re pleinement. On reste \u00e0 se demander si l\u2019on est devant <strong>un d\u00e9cor d\u2019op\u00e9ra<\/strong> ou \u00e0 <strong>l\u2019entr\u00e9e d\u2019un monde<\/strong> dans lequel on aimerait bien basculer en traversant le miroir comme Alice au pays des merveilles. Eva Jospin cr\u00e9e<strong> des lieux o\u00f9 l\u2019on voudrait habiter<\/strong>, tout en sachant qu\u2019ils n\u2019existent que dans les contes de f\u00e9es.<\/p>\n<p>        \u00c0 lire aussi :<br \/>\n        <a class=\"renvoi-explicite__link\" href=\"https:\/\/www.beauxarts.com\/expos\/au-grand-palais-une-promenade-dans-les-collections-de-dessins-du-centre-pompidou\/\" target=\"_blank\" rel=\"noopener\">Au Grand Palais, une \u00ab\u00a0promenade\u00a0\u00bb dans les collections de dessins du Centre Pompidou<\/a><\/p>\n<p>  Arrow<\/p>\n<p>Eva Jospin \u2013 Grottesco<\/p>\n<p>Du 10 d\u00e9cembre 2025 au 15 mars 2026<\/p>\n<p class=\"annexe-content__infos\">Grand Palais \u2022 7 Avenue Winston Churchill \u2022 75008 Paris<br \/><a href=\"http:\/\/www.grandpalais.fr\" target=\"_blank\" rel=\"noopener\">www.grandpalais.fr<\/a><\/p>\n","protected":false},"excerpt":{"rendered":"Il y a cette histoire qu\u2019Eva Jospin (n\u00e9e en 1975) raconte. Un jeune Romain tombe par hasard dans&hellip;\n","protected":false},"author":2,"featured_media":630580,"comment_status":"","ping_status":"","sticky":false,"template":"","format":"standard","meta":{"footnotes":""},"categories":[1358],"tags":[1396,1348,1384,1385,1386,58,59,73952,1011,27,1398,3899],"class_list":{"0":"post-630579","1":"post","2":"type-post","3":"status-publish","4":"format-standard","5":"has-post-thumbnail","7":"category-arts-et-design","8":"tag-art-contemporain","9":"tag-arts","10":"tag-arts-and-design","11":"tag-arts-et-design","12":"tag-design","13":"tag-divertissement","14":"tag-entertainment","15":"tag-eva-jospin","16":"tag-fr","17":"tag-france","18":"tag-grand-palais","19":"tag-sculpture"},"share_on_mastodon":{"url":"https:\/\/pubeurope.com\/@fr\/115810346234329292","error":""},"_links":{"self":[{"href":"https:\/\/www.europesays.com\/fr\/wp-json\/wp\/v2\/posts\/630579","targetHints":{"allow":["GET"]}}],"collection":[{"href":"https:\/\/www.europesays.com\/fr\/wp-json\/wp\/v2\/posts"}],"about":[{"href":"https:\/\/www.europesays.com\/fr\/wp-json\/wp\/v2\/types\/post"}],"author":[{"embeddable":true,"href":"https:\/\/www.europesays.com\/fr\/wp-json\/wp\/v2\/users\/2"}],"replies":[{"embeddable":true,"href":"https:\/\/www.europesays.com\/fr\/wp-json\/wp\/v2\/comments?post=630579"}],"version-history":[{"count":0,"href":"https:\/\/www.europesays.com\/fr\/wp-json\/wp\/v2\/posts\/630579\/revisions"}],"wp:featuredmedia":[{"embeddable":true,"href":"https:\/\/www.europesays.com\/fr\/wp-json\/wp\/v2\/media\/630580"}],"wp:attachment":[{"href":"https:\/\/www.europesays.com\/fr\/wp-json\/wp\/v2\/media?parent=630579"}],"wp:term":[{"taxonomy":"category","embeddable":true,"href":"https:\/\/www.europesays.com\/fr\/wp-json\/wp\/v2\/categories?post=630579"},{"taxonomy":"post_tag","embeddable":true,"href":"https:\/\/www.europesays.com\/fr\/wp-json\/wp\/v2\/tags?post=630579"}],"curies":[{"name":"wp","href":"https:\/\/api.w.org\/{rel}","templated":true}]}}