{"id":63059,"date":"2025-04-30T00:14:09","date_gmt":"2025-04-30T00:14:09","guid":{"rendered":"https:\/\/www.europesays.com\/fr\/63059\/"},"modified":"2025-04-30T00:14:09","modified_gmt":"2025-04-30T00:14:09","slug":"arsenal-psg-0-1-il-faudra-etre-exceptionnel-a-paris-previent-mikel-arteta-coach-des-gunners","status":"publish","type":"post","link":"https:\/\/www.europesays.com\/fr\/63059\/","title":{"rendered":"Arsenal-PSG (0-1)\u00a0: \u00ab\u00a0Il faudra \u00eatre exceptionnel \u00e0 Paris\u00a0\u00bb, pr\u00e9vient Mikel Arteta, coach des Gunners"},"content":{"rendered":"<p class=\"paragraph text_align_left\">\u00ab\u00a0Ce n\u2019est que la mi-temps\u00a0\u00bb des demi-finales de Ligue des champions. Voil\u00e0 le message de Mikel Arteta, entra\u00eeneur d\u2019Arsenal, ce mardi soir <a href=\"https:\/\/www.leparisien.fr\/sports\/football\/ligue-des-champions\/arsenal-psg-0-1-pour-paris-le-reve-prend-forme-29-04-2025-VIAPFFZHORELFI47GSGLNFOHW4.php\" target=\"_blank\" rel=\"nofollow noopener\">apr\u00e8s la d\u00e9faite de son \u00e9quipe face au PSG (0-1) \u00e0 l\u2019Emirates Stadium de Londres<\/a>. \u00ab\u00a0Je pense qu\u2019on m\u00e9ritait mieux mais ce n\u2019est que la mi-temps, appuie-t-il au micro de Canal +. C\u2019est ce que j\u2019avais dit apr\u00e8s avoir battu le Real Madrid (3-0, en quarts de finale aller). Il faudra aller \u00e0 Paris et gagner. C\u2019est une demi-finale<a href=\"https:\/\/www.leparisien.fr\/sports\/football\/ligue-des-champions\/\" target=\"_blank\" rel=\"nofollow noopener\"> de Ligue des champions<\/a>. C\u2019est toujours compliqu\u00e9, le contraire aurait \u00e9t\u00e9 \u00e9tonnant.\u00a0\u00bb<\/p>\n<p class=\"lp-f-ui-06 bet-widget_legal-notices lp-color-text-muted lp-mb-07\">LES JEUX D&rsquo;ARGENT ET DE HASARD PEUVENT \u00caTRE DANGEREUX : PERTES D&rsquo;ARGENT, CONFLITS FAMILIAUX, ADDICTION\u2026 RETROUVEZ NOS CONSEILS SUR <a href=\"https:\/\/joueurs-info-service.fr\/\" class=\"lp-color-text-muted\" rel=\"nofollow noopener\" target=\"_blank\">JOUEURS-INFO-SERVICE.FR<\/a> (09 74 75 13 13 &#8211; APPEL NON SURTAX\u00c9)<\/p>\n<p class=\"paragraph text_align_left\">Pour le technicien basque, <a href=\"https:\/\/www.leparisien.fr\/sports\/football\/ligue-des-champions\/arsenal-psg-mikel-arteta-se-voit-favori-de-la-ligue-des-champions-avant-les-demi-finales-28-04-2025-42QNHV3RV5BALFKTADERV4M4NQ.php\" target=\"_blank\" rel=\"nofollow noopener\">\u00ab\u00a0c\u2019est toujours du 50-50\u00a0\u00bb<\/a> avant le match retour, programm\u00e9 le 7\u00a0mai au Parc des Princes. \u00ab\u00a0On va essayer de progresser dans certains domaines. Leur gardien a fait deux arr\u00eats d\u00e9cisifs, comme \u00e0 Anfield, \u00e7a a fait la diff\u00e9rence\u00a0\u00bb, poursuit l\u2019ancien joueur du PSG. \u00ab\u00a0On a mis dix minutes \u00e0 se remettre du but encaiss\u00e9, encha\u00eene Arteta au micro de Movistar, la t\u00e9l\u00e9vision espagnole. On a souffert face au pressing haut. <a href=\"https:\/\/www.leparisien.fr\/sports\/football\/psg\/\" target=\"_blank\" rel=\"nofollow noopener\">Le PSG<\/a> est une \u00e9quipe incroyable. Elle est arriv\u00e9e ici avec beaucoup de m\u00e9rites. Elle vit son meilleur moment\u00a0\u00bb.<\/p>\n<p class=\"paragraph text_align_left\">Avant un dernier message d\u2019encouragements \u00e0 ses joueurs, conscients de leur mission\u00a0: \u00ab\u00a0Si tu veux \u00eatre en finale de Ligue des champions, il faudra \u00eatre exceptionnel \u00e0 Paris\u00a0\u00bb.<\/p>\n","protected":false},"excerpt":{"rendered":"\u00ab\u00a0Ce n\u2019est que la mi-temps\u00a0\u00bb des demi-finales de Ligue des champions. Voil\u00e0 le message de Mikel Arteta, entra\u00eeneur&hellip;\n","protected":false},"author":2,"featured_media":63060,"comment_status":"","ping_status":"","sticky":false,"template":"","format":"standard","meta":{"footnotes":""},"categories":[1888],"tags":[11,1777,674,63,1011,27,447,12,626,25,60],"class_list":{"0":"post-63059","1":"post","2":"type-post","3":"status-publish","4":"format-standard","5":"has-post-thumbnail","7":"category-paris","8":"tag-actualites","9":"tag-eu","10":"tag-europe","11":"tag-football","12":"tag-fr","13":"tag-france","14":"tag-ligue-des-champions","15":"tag-news","16":"tag-paris","17":"tag-republique-francaise","18":"tag-sports"},"share_on_mastodon":{"url":"https:\/\/pubeurope.com\/@fr\/114424031723385665","error":""},"_links":{"self":[{"href":"https:\/\/www.europesays.com\/fr\/wp-json\/wp\/v2\/posts\/63059","targetHints":{"allow":["GET"]}}],"collection":[{"href":"https:\/\/www.europesays.com\/fr\/wp-json\/wp\/v2\/posts"}],"about":[{"href":"https:\/\/www.europesays.com\/fr\/wp-json\/wp\/v2\/types\/post"}],"author":[{"embeddable":true,"href":"https:\/\/www.europesays.com\/fr\/wp-json\/wp\/v2\/users\/2"}],"replies":[{"embeddable":true,"href":"https:\/\/www.europesays.com\/fr\/wp-json\/wp\/v2\/comments?post=63059"}],"version-history":[{"count":0,"href":"https:\/\/www.europesays.com\/fr\/wp-json\/wp\/v2\/posts\/63059\/revisions"}],"wp:featuredmedia":[{"embeddable":true,"href":"https:\/\/www.europesays.com\/fr\/wp-json\/wp\/v2\/media\/63060"}],"wp:attachment":[{"href":"https:\/\/www.europesays.com\/fr\/wp-json\/wp\/v2\/media?parent=63059"}],"wp:term":[{"taxonomy":"category","embeddable":true,"href":"https:\/\/www.europesays.com\/fr\/wp-json\/wp\/v2\/categories?post=63059"},{"taxonomy":"post_tag","embeddable":true,"href":"https:\/\/www.europesays.com\/fr\/wp-json\/wp\/v2\/tags?post=63059"}],"curies":[{"name":"wp","href":"https:\/\/api.w.org\/{rel}","templated":true}]}}