{"id":630591,"date":"2025-12-30T20:19:11","date_gmt":"2025-12-30T20:19:11","guid":{"rendered":"https:\/\/www.europesays.com\/fr\/630591\/"},"modified":"2025-12-30T20:19:11","modified_gmt":"2025-12-30T20:19:11","slug":"pierre-jean-chalencon-sen-prend-a-line-renaud-apres-son-hommage-a-brigitte-bardot-vous-faites-votre-publicite-sur-la-mort-des-gens","status":"publish","type":"post","link":"https:\/\/www.europesays.com\/fr\/630591\/","title":{"rendered":"Pierre-Jean Chalen\u00e7on s&rsquo;en prend \u00e0 Line Renaud apr\u00e8s son hommage \u00e0 Brigitte Bardot\u00a0: \u00ab\u00a0Vous faites votre publicit\u00e9 sur la mort des gens\u00a0\u00bb"},"content":{"rendered":"<p class=\"ap-StoryElement ap-StoryElement--mb ap-StoryText\">\u00ab\u00a0Quel chagrin que la disparition de Brigitte Bardot !\u00a0\u00bb, a \u00e9crit Line Renaud sur Instagram, apr\u00e8s la mort de la star, survenue ce dimanche 28 d\u00e9cembre 2025. \u00ab\u00a0Nous nous connaissions depuis toujours, depuis notre lointaine jeunesse\u2026 Je la revois comme si c&rsquo;\u00e9tait hier, elle devait avoir 15 ou 16 ans, et moi six de plus\u2026\u00a0\u00bb L&rsquo;actrice de 97 ans poursuit, qualifiant B.B. de sa \u00ab\u00a0s\u0153ur de combat\u00a0\u00bb : \u00ab\u00a0Elle pour la d\u00e9fense des animaux, moi contre le Sida.\u00a0\u00bb<\/p>\n<p class=\"ap-StoryElement ap-StoryElement--mb ap-StoryText\">Des mots touchants, saluant le combat que Brigitte Bardot a men\u00e9 pendant toute sa vie. Mais, pour Pierre-Jean Chalen\u00e7on, ancien acheteur d'\u00a0\u00bbAffaire Conclue\u00a0\u00bb et collectionneur, cet hommage n&rsquo;a rien de sinc\u00e8re. Sur X, il s&rsquo;en est directement pris \u00e0 Line Renaud, la qualifiant m\u00eame de \u00ab\u00a0monstre\u00a0\u00bb.<\/p>\n","protected":false},"excerpt":{"rendered":"\u00ab\u00a0Quel chagrin que la disparition de Brigitte Bardot !\u00a0\u00bb, a \u00e9crit Line Renaud sur Instagram, apr\u00e8s la mort&hellip;\n","protected":false},"author":2,"featured_media":630592,"comment_status":"","ping_status":"","sticky":false,"template":"","format":"standard","meta":{"footnotes":""},"categories":[8],"tags":[20224,58,59,1011,27,4879,18994,34317],"class_list":{"0":"post-630591","1":"post","2":"type-post","3":"status-publish","4":"format-standard","5":"has-post-thumbnail","7":"category-divertissement","8":"tag-brigitte-bardot","9":"tag-divertissement","10":"tag-entertainment","11":"tag-fr","12":"tag-france","13":"tag-hommage","14":"tag-line-renaud","15":"tag-pierre-jean-chalencon"},"share_on_mastodon":{"url":"https:\/\/pubeurope.com\/@fr\/115810373708913901","error":""},"_links":{"self":[{"href":"https:\/\/www.europesays.com\/fr\/wp-json\/wp\/v2\/posts\/630591","targetHints":{"allow":["GET"]}}],"collection":[{"href":"https:\/\/www.europesays.com\/fr\/wp-json\/wp\/v2\/posts"}],"about":[{"href":"https:\/\/www.europesays.com\/fr\/wp-json\/wp\/v2\/types\/post"}],"author":[{"embeddable":true,"href":"https:\/\/www.europesays.com\/fr\/wp-json\/wp\/v2\/users\/2"}],"replies":[{"embeddable":true,"href":"https:\/\/www.europesays.com\/fr\/wp-json\/wp\/v2\/comments?post=630591"}],"version-history":[{"count":0,"href":"https:\/\/www.europesays.com\/fr\/wp-json\/wp\/v2\/posts\/630591\/revisions"}],"wp:featuredmedia":[{"embeddable":true,"href":"https:\/\/www.europesays.com\/fr\/wp-json\/wp\/v2\/media\/630592"}],"wp:attachment":[{"href":"https:\/\/www.europesays.com\/fr\/wp-json\/wp\/v2\/media?parent=630591"}],"wp:term":[{"taxonomy":"category","embeddable":true,"href":"https:\/\/www.europesays.com\/fr\/wp-json\/wp\/v2\/categories?post=630591"},{"taxonomy":"post_tag","embeddable":true,"href":"https:\/\/www.europesays.com\/fr\/wp-json\/wp\/v2\/tags?post=630591"}],"curies":[{"name":"wp","href":"https:\/\/api.w.org\/{rel}","templated":true}]}}