{"id":630607,"date":"2025-12-30T20:27:12","date_gmt":"2025-12-30T20:27:12","guid":{"rendered":"https:\/\/www.europesays.com\/fr\/630607\/"},"modified":"2025-12-30T20:27:12","modified_gmt":"2025-12-30T20:27:12","slug":"meurthe-et-moselle-dans-le-retroviseur-des-chantiers-finis-et-des-vip","status":"publish","type":"post","link":"https:\/\/www.europesays.com\/fr\/630607\/","title":{"rendered":"Meurthe-et-Moselle. Dans le r\u00e9troviseur, des chantiers finis et des VIP"},"content":{"rendered":"<p class=\"insetTitle\">Le Jardin du Michel, 20 ans et toujours debout dans le Toulois<\/p>\n<p>Apr\u00e8s une \u00e9dition 2024 annul\u00e9e en raison des intemp\u00e9ries, le Jardin du Michel a sign\u00e9 un retour tr\u00e8s attendu pour son 20e\u00a0anniversaire. \u00c0 Toul et Dommartin, 24\u00a0500 festivaliers ont r\u00e9pondu pr\u00e9sent durant quatre jours de concerts, un chiffre sup\u00e9rieur aux pr\u00e9visions et r\u00e9v\u00e9lateur de l\u2019attachement du public \u00e0 ce rendez-vous musical majeur. \u00ab\u00a0L\u2019ambiance \u00e9tait au rendez-vous, intense et riche en \u00e9motion\u00a0\u00bb, se f\u00e9licite Pierre Maff\u00e9\u00efs, pr\u00e9sident du JDM, \u00e9voquant des retours tr\u00e8s positifs sur la programmation et l\u2019accueil.<\/p>\n<p>Derri\u00e8re ce succ\u00e8s populaire, la r\u00e9alit\u00e9 financi\u00e8re demeure toutefois fragile. Malgr\u00e9 3\u00a0500 spectateurs de plus qu\u2019esp\u00e9r\u00e9, l\u2019\u00e9quilibre budg\u00e9taire n\u2019est pas atteint. En cause\u00a0: la hausse des co\u00fbts de production, des assurances et des cachets artistiques. \u00ab\u00a0Ce n\u2019est pas simple \u00e0 g\u00e9rer pour une structure d\u00e9j\u00e0 fragilis\u00e9e, mais nous restons optimistes\u00a0\u00bb, assure le pr\u00e9sident de la SCIC Turbul\u2019lance, organisatrice du festival, qui se projette d\u00e9j\u00e0 vers une 21e\u00a0\u00e9dition en 2026.<\/p>\n<p>Comme souvent, l\u2019\u00e9v\u00e9nement a d\u00fb composer avec les al\u00e9as\u00a0: annulations de derni\u00e8re minute, ajustements de programmation et m\u00e9t\u00e9o capricieuse. Autant d\u2019impr\u00e9vus absorb\u00e9s par une organisation rod\u00e9e et par l\u2019engagement des 390 b\u00e9n\u00e9voles, \u00e9puis\u00e9s mais souriants au moment de la cl\u00f4ture. Autre satisfaction : le succ\u00e8s confirm\u00e9 de la sc\u00e8ne secondaire, largement pl\u00e9biscit\u00e9e par le public. Malgr\u00e9 ses fragilit\u00e9s \u00e9conomiques, le Jardin du Michel confirme ainsi son statut de festival incontournable du paysage musical r\u00e9gional, port\u00e9 par un public fid\u00e8le et une \u00e9nergie collective intacte.<\/p>\n<p class=\"insetSignature\">Didier Humbert<\/p>\n","protected":false},"excerpt":{"rendered":"Le Jardin du Michel, 20 ans et toujours debout dans le Toulois Apr\u00e8s une \u00e9dition 2024 annul\u00e9e en&hellip;\n","protected":false},"author":2,"featured_media":630608,"comment_status":"","ping_status":"","sticky":false,"template":"","format":"standard","meta":{"footnotes":""},"categories":[9635],"tags":[1111,11,3542,33,1707,1704,1706,1705,1777,674,274,1011,27,775,1757,1702,12,25,104],"class_list":{"0":"post-630607","1":"post","2":"type-post","3":"status-publish","4":"format-standard","5":"has-post-thumbnail","7":"category-nancy","8":"tag-actu","9":"tag-actualites","10":"tag-circulation","11":"tag-economie","12":"tag-edition-luneville","13":"tag-edition-nancy-et-agglomeration","14":"tag-edition-pont-a-mousson","15":"tag-edition-toul","16":"tag-eu","17":"tag-europe","18":"tag-faits-divers-justice","19":"tag-fr","20":"tag-france","21":"tag-grand-est","22":"tag-insolite","23":"tag-nancy","24":"tag-news","25":"tag-republique-francaise","26":"tag-societe"},"share_on_mastodon":{"url":"https:\/\/pubeurope.com\/@fr\/115810405437562052","error":""},"_links":{"self":[{"href":"https:\/\/www.europesays.com\/fr\/wp-json\/wp\/v2\/posts\/630607","targetHints":{"allow":["GET"]}}],"collection":[{"href":"https:\/\/www.europesays.com\/fr\/wp-json\/wp\/v2\/posts"}],"about":[{"href":"https:\/\/www.europesays.com\/fr\/wp-json\/wp\/v2\/types\/post"}],"author":[{"embeddable":true,"href":"https:\/\/www.europesays.com\/fr\/wp-json\/wp\/v2\/users\/2"}],"replies":[{"embeddable":true,"href":"https:\/\/www.europesays.com\/fr\/wp-json\/wp\/v2\/comments?post=630607"}],"version-history":[{"count":0,"href":"https:\/\/www.europesays.com\/fr\/wp-json\/wp\/v2\/posts\/630607\/revisions"}],"wp:featuredmedia":[{"embeddable":true,"href":"https:\/\/www.europesays.com\/fr\/wp-json\/wp\/v2\/media\/630608"}],"wp:attachment":[{"href":"https:\/\/www.europesays.com\/fr\/wp-json\/wp\/v2\/media?parent=630607"}],"wp:term":[{"taxonomy":"category","embeddable":true,"href":"https:\/\/www.europesays.com\/fr\/wp-json\/wp\/v2\/categories?post=630607"},{"taxonomy":"post_tag","embeddable":true,"href":"https:\/\/www.europesays.com\/fr\/wp-json\/wp\/v2\/tags?post=630607"}],"curies":[{"name":"wp","href":"https:\/\/api.w.org\/{rel}","templated":true}]}}