{"id":630611,"date":"2025-12-30T20:29:10","date_gmt":"2025-12-30T20:29:10","guid":{"rendered":"https:\/\/www.europesays.com\/fr\/630611\/"},"modified":"2025-12-30T20:29:10","modified_gmt":"2025-12-30T20:29:10","slug":"les-commercants-dressent-un-bilan-positif-pour-le-retour-du-village-de-noel-a-la-seyne","status":"publish","type":"post","link":"https:\/\/www.europesays.com\/fr\/630611\/","title":{"rendered":"Les commer\u00e7ants dressent un bilan positif pour le retour du village de No\u00ebl \u00e0 La Seyne"},"content":{"rendered":"<p class=\"fs-5 \">L\u2019heure est d\u00e9j\u00e0 au bilan pour les festivit\u00e9s de No\u00ebl dont l\u2019\u00e9clat s\u2019est \u00e9teint ce dimanche apr\u00e8s le passage d\u2019une derni\u00e8re parade.<\/p>\n<p class=\"fs-5 \">Au c\u0153ur du brillant <strong>village de No\u00ebl <\/strong>qui, en 2025, a d\u00e9laiss\u00e9 le <strong>parc de la Navale<\/strong> pour r\u00e9investir le centre-ville, en v\u00e9ritable phare et attraction embl\u00e9matique, la patinoire g\u00e9r\u00e9e par l\u2019association des commer\u00e7ants Vitrines seynoises a fait le plein et drain\u00e9 du monde, place Martel-Esprit et aussi sur l\u2019espace gourmand de l\u2019avenue Hoche\u2026<\/p>\n<p class=\"fs-5 \">\u00ab\u00a0Malheureusement avec la m\u00e9t\u00e9o pluvieuse nous avons eu quatre jours de fermeture\u00a0\u00bb, d\u00e9plore H\u00e9l\u00e8ne Campari, pr\u00e9sidente des Vitrines seynoises qui, avec des amis, a b\u00e9n\u00e9volement g\u00e9r\u00e9 le fonctionnement de cette patinoire. Une installation totalement financ\u00e9e par la Ville qui a quand m\u00eame g\u00e9n\u00e9r\u00e9 1 350 entr\u00e9es en seize jours.<\/p>\n<p>                                                                                <strong>Bient\u00f4t de petits march\u00e9s vintage<\/strong><\/p>\n<p class=\"fs-5 \">\u00ab\u00a0Pour une premi\u00e8re ann\u00e9e dans le centre, c\u2019est tr\u00e8s positif, se r\u00e9jouit H\u00e9l\u00e8ne Campari, qui pr\u00e9cise que si le prix d\u2019entr\u00e9e de l\u2019attraction \u00e9tait fix\u00e9 \u00e0 2 euros, au profit de l\u2019association, il n\u2019y avait finalement pas de temps limite impos\u00e9. \u00a0\u00bb<\/p>\n<p class=\"fs-5 \">Pour la commer\u00e7ante, c\u2019est une \u00e9vidence\u00a0: \u00ab\u00a0Il fallait que les festivit\u00e9s retrouvent le centre-ville\u00a0\u00bb, insiste-t-elle.<\/p>\n<p class=\"fs-5 \">Et m\u00eame si cette ann\u00e9e, ce d\u00e9part du parc de la Navale s\u2019est op\u00e9r\u00e9 de mani\u00e8re un peu pr\u00e9cipit\u00e9e, \u00ab\u00a0il faudra \u00e0 l\u2019avenir, je pense, songer \u00e0 davantage \u00e9clater les animations dans la ville. Il y a eu du monde et, moi la premi\u00e8re, nous avons mieux travaill\u00e9. Le lancement des illuminations et l\u2019arriv\u00e9e du P\u00e8re No\u00ebl ont attir\u00e9 une foule nombreuse\u00a0\u00bb.<\/p>\n<p class=\"fs-5 \">H\u00e9l\u00e8ne Campari, qui a offert ce lundi, au nom de son association, un cadeau aux enfants pr\u00e9sents, remercie les services municipaux pour leur pr\u00e9cieuse et efficace collaboration.<\/p>\n<p class=\"fs-5 \">L\u2019argent collect\u00e9 gr\u00e2ce aux entr\u00e9es sera utilis\u00e9 pour de futures animations. La mise en place de petits march\u00e9s vintage pourrait ainsi \u00eatre act\u00e9e lors d\u2019une r\u00e9union \u00e0 la mi-janvier.<\/p>\n<p class=\"fs-5 \">_______________________________________________________________________________<\/p>\n<p>                                                                                Et encore en janvier\u00a0!<\/p>\n<p class=\"fs-5 \">D\u2019autres animations festives de fin d\u2019ann\u00e9e sont encore programm\u00e9es en d\u00e9but d\u2019ann\u00e9e\u00a0:<\/p>\n<p class=\"fs-5 \"><strong>Samedi 3 janvier\u00a0<\/strong>: plage des Sablettes \u00e0 partir de 9 h 30, bain du Nouvel An organis\u00e9 par les randonneurs seynois.<\/p>\n<p class=\"fs-5 \"><strong>Dimanche 4 janvier<\/strong>\u00a0; apr\u00e8s-midi, arriv\u00e9e des Rois mages aux Sablettes, organis\u00e9e par le parc d\u2019attractions Funny Land.<\/p>\n<p class=\"fs-5 \"><strong>Dimanche 4 janvier<\/strong>\u00a0: apr\u00e8s-midi, parc Braudel et dans les rues des Sablettes, spectacle d\u00e9ambulatoire Les mille et une nuits, par la compagnie Ratafia.<\/p>\n<p class=\"fs-5 \"><strong>Jeudi 15 janvier<\/strong>, 18 h 30, casino Joa, c\u00e9r\u00e9monie des v\u0153ux.<\/p>\n<p class=\"fs-5 \"><strong>Samedi 17 janvier<\/strong>, \u00e0 11 h, remise des prix du concours de cr\u00e8ches, salle du conseil municipal.<\/p>\n","protected":false},"excerpt":{"rendered":"L\u2019heure est d\u00e9j\u00e0 au bilan pour les festivit\u00e9s de No\u00ebl dont l\u2019\u00e9clat s\u2019est \u00e9teint ce dimanche apr\u00e8s le&hellip;\n","protected":false},"author":2,"featured_media":630612,"comment_status":"","ping_status":"","sticky":false,"template":"","format":"standard","meta":{"footnotes":""},"categories":[9619],"tags":[1111,11,1777,674,1011,27,12,882,25,2310],"class_list":{"0":"post-630611","1":"post","2":"type-post","3":"status-publish","4":"format-standard","5":"has-post-thumbnail","7":"category-toulon","8":"tag-actu","9":"tag-actualites","10":"tag-eu","11":"tag-europe","12":"tag-fr","13":"tag-france","14":"tag-news","15":"tag-provence-alpes-cote-dazur","16":"tag-republique-francaise","17":"tag-toulon"},"share_on_mastodon":{"url":"https:\/\/pubeurope.com\/@fr\/115810413079780369","error":""},"_links":{"self":[{"href":"https:\/\/www.europesays.com\/fr\/wp-json\/wp\/v2\/posts\/630611","targetHints":{"allow":["GET"]}}],"collection":[{"href":"https:\/\/www.europesays.com\/fr\/wp-json\/wp\/v2\/posts"}],"about":[{"href":"https:\/\/www.europesays.com\/fr\/wp-json\/wp\/v2\/types\/post"}],"author":[{"embeddable":true,"href":"https:\/\/www.europesays.com\/fr\/wp-json\/wp\/v2\/users\/2"}],"replies":[{"embeddable":true,"href":"https:\/\/www.europesays.com\/fr\/wp-json\/wp\/v2\/comments?post=630611"}],"version-history":[{"count":0,"href":"https:\/\/www.europesays.com\/fr\/wp-json\/wp\/v2\/posts\/630611\/revisions"}],"wp:featuredmedia":[{"embeddable":true,"href":"https:\/\/www.europesays.com\/fr\/wp-json\/wp\/v2\/media\/630612"}],"wp:attachment":[{"href":"https:\/\/www.europesays.com\/fr\/wp-json\/wp\/v2\/media?parent=630611"}],"wp:term":[{"taxonomy":"category","embeddable":true,"href":"https:\/\/www.europesays.com\/fr\/wp-json\/wp\/v2\/categories?post=630611"},{"taxonomy":"post_tag","embeddable":true,"href":"https:\/\/www.europesays.com\/fr\/wp-json\/wp\/v2\/tags?post=630611"}],"curies":[{"name":"wp","href":"https:\/\/api.w.org\/{rel}","templated":true}]}}