{"id":630613,"date":"2025-12-30T20:30:18","date_gmt":"2025-12-30T20:30:18","guid":{"rendered":"https:\/\/www.europesays.com\/fr\/630613\/"},"modified":"2025-12-30T20:30:18","modified_gmt":"2025-12-30T20:30:18","slug":"fin-du-suspense-un-talonneur-italien-tranche-pour-son-avenir-en-top-14","status":"publish","type":"post","link":"https:\/\/www.europesays.com\/fr\/630613\/","title":{"rendered":"Fin du suspense, un talonneur italien tranche pour son avenir en Top 14"},"content":{"rendered":"<p>Gianmarco Lucchesi a v\u00e9cu une saison charni\u00e8re. Gravement touch\u00e9 au genou au printemps dernier, il se trouvait \u00e0 un moment crucial de sa carri\u00e8re. Apr\u00e8s plusieurs mois de r\u00e9flexion, le joueur a finalement arr\u00eat\u00e9 sa d\u00e9cision. Le talonneur de 25 ans et international italien \u00e0 33 reprises poursuivra son aventure avec le Rugby Club Toulonnais.<\/p>\n<p>\u00a0<\/p>\n<p>Retour sur les terrains et prolongation act\u00e9e<\/p>\n<p>Victime d\u2019une rupture du ligament crois\u00e9 en avril, Lucchesi a retrouv\u00e9 la comp\u00e9tition le 14 d\u00e9cembre lors de la victoire face \u00e0 Bath en Champions Cup (45-34). Il vit donc une semaine marqu\u00e9e par un double \u00e9v\u00e9nement. Son retour sur le terrain et la signature d\u2019un nouveau contrat. Arriv\u00e9 en 2024 sur la Rade, le natif de Pise s\u2019est engag\u00e9 pour deux saisons suppl\u00e9mentaires, soit jusqu\u2019en 2028.<\/p>\n<p>\u00a0<\/p>\n<p>Form\u00e9 chez les Lions Amaranto de Livourne, le talonneur italien s\u2019est impos\u00e9 par son dynamisme dans le jeu courant et sa solidit\u00e9 dans les fondamentaux du poste. Malgr\u00e9 une rechute apr\u00e8s son retour, son potentiel reste intact. L&rsquo;absence de Gianmarco Lucchesi avait d\u2019ailleurs pes\u00e9 lourd lors des phases finales de Top 14 et de Champions Cup la saison pass\u00e9e, preuve de son importance dans l\u2019effectif varois.<\/p>\n<p>Partagez cette info avec vos amis et vos proches en cliquant ici<br \/>Pour r\u00e9sumer<\/p>\n<p>Gravement bless\u00e9 au genou en 2024, Gianmarco Lucchesi a retrouv\u00e9 les terrains en d\u00e9cembre et prolong\u00e9 son contrat avec Toulon. Le talonneur italien, 33 s\u00e9lections, s\u2019engage jusqu\u2019en 2028, confirmant son r\u00f4le cl\u00e9 dans l\u2019effectif varois.<\/p>\n<p> <img decoding=\"async\" width=\"76\" height=\"76\" loading=\"lazy\" src=\"https:\/\/www.europesays.com\/fr\/wp-content\/uploads\/2025\/04\/avatar-quinze.png\" alt=\"Voldi Fr\u00e9jus\u00a0Hounvio\"\/><\/p>\n","protected":false},"excerpt":{"rendered":"Gianmarco Lucchesi a v\u00e9cu une saison charni\u00e8re. Gravement touch\u00e9 au genou au printemps dernier, il se trouvait \u00e0&hellip;\n","protected":false},"author":2,"featured_media":630614,"comment_status":"","ping_status":"","sticky":false,"template":"","format":"standard","meta":{"footnotes":""},"categories":[9619],"tags":[1111,11,1777,674,1011,27,12,882,25,478,2310],"class_list":{"0":"post-630613","1":"post","2":"type-post","3":"status-publish","4":"format-standard","5":"has-post-thumbnail","7":"category-toulon","8":"tag-actu","9":"tag-actualites","10":"tag-eu","11":"tag-europe","12":"tag-fr","13":"tag-france","14":"tag-news","15":"tag-provence-alpes-cote-dazur","16":"tag-republique-francaise","17":"tag-top-14","18":"tag-toulon"},"share_on_mastodon":{"url":"https:\/\/pubeurope.com\/@fr\/115810417011792632","error":""},"_links":{"self":[{"href":"https:\/\/www.europesays.com\/fr\/wp-json\/wp\/v2\/posts\/630613","targetHints":{"allow":["GET"]}}],"collection":[{"href":"https:\/\/www.europesays.com\/fr\/wp-json\/wp\/v2\/posts"}],"about":[{"href":"https:\/\/www.europesays.com\/fr\/wp-json\/wp\/v2\/types\/post"}],"author":[{"embeddable":true,"href":"https:\/\/www.europesays.com\/fr\/wp-json\/wp\/v2\/users\/2"}],"replies":[{"embeddable":true,"href":"https:\/\/www.europesays.com\/fr\/wp-json\/wp\/v2\/comments?post=630613"}],"version-history":[{"count":0,"href":"https:\/\/www.europesays.com\/fr\/wp-json\/wp\/v2\/posts\/630613\/revisions"}],"wp:featuredmedia":[{"embeddable":true,"href":"https:\/\/www.europesays.com\/fr\/wp-json\/wp\/v2\/media\/630614"}],"wp:attachment":[{"href":"https:\/\/www.europesays.com\/fr\/wp-json\/wp\/v2\/media?parent=630613"}],"wp:term":[{"taxonomy":"category","embeddable":true,"href":"https:\/\/www.europesays.com\/fr\/wp-json\/wp\/v2\/categories?post=630613"},{"taxonomy":"post_tag","embeddable":true,"href":"https:\/\/www.europesays.com\/fr\/wp-json\/wp\/v2\/tags?post=630613"}],"curies":[{"name":"wp","href":"https:\/\/api.w.org\/{rel}","templated":true}]}}