{"id":630615,"date":"2025-12-30T20:31:10","date_gmt":"2025-12-30T20:31:10","guid":{"rendered":"https:\/\/www.europesays.com\/fr\/630615\/"},"modified":"2025-12-30T20:31:10","modified_gmt":"2025-12-30T20:31:10","slug":"a-montpellier-grace-a-energaia-decouvrez-5-avancees-majeures-pour-la-transition-energetique","status":"publish","type":"post","link":"https:\/\/www.europesays.com\/fr\/630615\/","title":{"rendered":"A Montpellier, gr\u00e2ce \u00e0 Energa\u00efa, d\u00e9couvrez 5 avanc\u00e9es majeures pour la transition \u00e9nerg\u00e9tique"},"content":{"rendered":"<p>Zoom sur les laur\u00e9ats 2025 choisis par le jury :<\/p>\n<p>-Prix International : d\u00e9cern\u00e9 \u00e0 H\u00e9liorec pour sa solution W3001, un syst\u00e8me flottant solaire adapt\u00e9 aux zones c\u00f4ti\u00e8res, con\u00e7u pour r\u00e9sister \u00e0 de fortes vagues et aux vents violents ;<\/p>\n<p>-Prix D\u00e9ployabilit\u00e9 : d\u00e9cern\u00e9 \u00e0 Celsius Energy pour sa technologie brevet\u00e9e de sondes g\u00e9othermiques inclin\u00e9es, rendant la g\u00e9o-\u00e9nergie accessible en milieu urbain comme rural ;<\/p>\n<p>-Prix \u00c9cosyst\u00e8me : d\u00e9cern\u00e9 Valorem pour le cod\u00e9veloppement du tout premier parc \u00e9olien citoyen de Charente-Maritime, \u00e0 Andilly-les-Marais, aux c\u00f4t\u00e9s de la commune, de COOPEC Aunis Atlantique et TERRA ENERGIES.<\/p>\n<p>-Prix Circularit\u00e9 : d\u00e9cern\u00e9 \u00e0 Voltec Solar pour Tarka Diamant, un verre solaire tremp\u00e9 sans antimoine, con\u00e7u pour les modules photovolta\u00efques expos\u00e9s \u00e0 la gr\u00eale s\u00e9v\u00e8re.<\/p>\n<p>-Le \u00ab Prix Coup de C\u0153ur \u00bb de la R\u00e9gion Occitanie, porteur du Forum EnerGa\u00efa, d\u00e9cern\u00e9 \u00e0 SNEF pour le concept Boat to Grid d\u00e9velopp\u00e9 conjointement avec Littoral \u00c9nergies Partag\u00e9es. Le projet vise \u00e0 transformer les ports de plaisance en hubs \u00e9nerg\u00e9tiques.<\/p>\n","protected":false},"excerpt":{"rendered":"Zoom sur les laur\u00e9ats 2025 choisis par le jury : -Prix International : d\u00e9cern\u00e9 \u00e0 H\u00e9liorec pour sa&hellip;\n","protected":false},"author":2,"featured_media":630616,"comment_status":"","ping_status":"","sticky":false,"template":"","format":"standard","meta":{"footnotes":""},"categories":[9599],"tags":[1111,11,1777,674,1011,27,2208,12,2680,25,2631],"class_list":{"0":"post-630615","1":"post","2":"type-post","3":"status-publish","4":"format-standard","5":"has-post-thumbnail","7":"category-montpellier","8":"tag-actu","9":"tag-actualites","10":"tag-eu","11":"tag-europe","12":"tag-fr","13":"tag-france","14":"tag-montpellier","15":"tag-news","16":"tag-occitanie","17":"tag-republique-francaise","18":"tag-sciences-technologie"},"share_on_mastodon":{"url":"https:\/\/pubeurope.com\/@fr\/115810420923168600","error":""},"_links":{"self":[{"href":"https:\/\/www.europesays.com\/fr\/wp-json\/wp\/v2\/posts\/630615","targetHints":{"allow":["GET"]}}],"collection":[{"href":"https:\/\/www.europesays.com\/fr\/wp-json\/wp\/v2\/posts"}],"about":[{"href":"https:\/\/www.europesays.com\/fr\/wp-json\/wp\/v2\/types\/post"}],"author":[{"embeddable":true,"href":"https:\/\/www.europesays.com\/fr\/wp-json\/wp\/v2\/users\/2"}],"replies":[{"embeddable":true,"href":"https:\/\/www.europesays.com\/fr\/wp-json\/wp\/v2\/comments?post=630615"}],"version-history":[{"count":0,"href":"https:\/\/www.europesays.com\/fr\/wp-json\/wp\/v2\/posts\/630615\/revisions"}],"wp:featuredmedia":[{"embeddable":true,"href":"https:\/\/www.europesays.com\/fr\/wp-json\/wp\/v2\/media\/630616"}],"wp:attachment":[{"href":"https:\/\/www.europesays.com\/fr\/wp-json\/wp\/v2\/media?parent=630615"}],"wp:term":[{"taxonomy":"category","embeddable":true,"href":"https:\/\/www.europesays.com\/fr\/wp-json\/wp\/v2\/categories?post=630615"},{"taxonomy":"post_tag","embeddable":true,"href":"https:\/\/www.europesays.com\/fr\/wp-json\/wp\/v2\/tags?post=630615"}],"curies":[{"name":"wp","href":"https:\/\/api.w.org\/{rel}","templated":true}]}}