{"id":630617,"date":"2025-12-30T20:32:14","date_gmt":"2025-12-30T20:32:14","guid":{"rendered":"https:\/\/www.europesays.com\/fr\/630617\/"},"modified":"2025-12-30T20:32:14","modified_gmt":"2025-12-30T20:32:14","slug":"un-joueur-de-montpellier-file-en-pro-d2","status":"publish","type":"post","link":"https:\/\/www.europesays.com\/fr\/630617\/","title":{"rendered":"Un joueur de Montpellier file en Pro D2 !"},"content":{"rendered":"<p data-start=\"70\" data-end=\"514\">Alors que Montpellier verrouille son futur \u00e0 l\u2019ouverture avec l\u2019arriv\u00e9e d\u2019Adam Hastings pour 2026, le mouvement s\u2019effectue aussi dans le sens inverse.<\/p>\n<p data-start=\"70\" data-end=\"514\"><strong data-start=\"221\" data-end=\"239\">Thomas Vincent<\/strong>, 26 ans, <strong data-start=\"249\" data-end=\"315\">va quitter le MHR \u00e0 la fin de la saison pour rejoindre Oyonnax<\/strong> comme l\u2019annonce Midi Olympique.<\/p>\n<p data-start=\"70\" data-end=\"514\">L\u2019ex-joueur d\u2019Agen arrivait au terme de son contrat de deux ans dans l\u2019H\u00e9rault, o\u00f9 il a disput\u00e9 <strong data-start=\"413\" data-end=\"430\">21 rencontres<\/strong> sans r\u00e9ellement r\u00e9ussir \u00e0 s\u2019installer durablement dans la rotation montpelli\u00e9raine.<\/p>\n<p data-start=\"516\" data-end=\"934\">Ce d\u00e9part clarifie un peu plus la hi\u00e9rarchie future au poste de num\u00e9ro 10 et ouvre la voie \u00e0 un nouveau cycle du c\u00f4t\u00e9 du MHR, o\u00f9 l\u2019arriv\u00e9e d\u2019Hastings incarne clairement le choix d\u2019un profil exp\u00e9riment\u00e9 pour piloter le jeu lors des prochaines saisons.<\/p>\n<p data-start=\"516\" data-end=\"934\">Le club oyonnaxien, lui, r\u00e9cup\u00e8re un ouvreur encore jeune, dot\u00e9 d\u2019un bon v\u00e9cu en Top 14, et qui cherchera \u00e0 relancer pleinement sa carri\u00e8re sous de nouvelles couleurs.<\/p>\n","protected":false},"excerpt":{"rendered":"Alors que Montpellier verrouille son futur \u00e0 l\u2019ouverture avec l\u2019arriv\u00e9e d\u2019Adam Hastings pour 2026, le mouvement s\u2019effectue aussi&hellip;\n","protected":false},"author":2,"featured_media":630618,"comment_status":"","ping_status":"","sticky":false,"template":"","format":"standard","meta":{"footnotes":""},"categories":[9599],"tags":[1111,11,1777,674,1011,27,2208,12,2680,25],"class_list":{"0":"post-630617","1":"post","2":"type-post","3":"status-publish","4":"format-standard","5":"has-post-thumbnail","7":"category-montpellier","8":"tag-actu","9":"tag-actualites","10":"tag-eu","11":"tag-europe","12":"tag-fr","13":"tag-france","14":"tag-montpellier","15":"tag-news","16":"tag-occitanie","17":"tag-republique-francaise"},"share_on_mastodon":{"url":"https:\/\/pubeurope.com\/@fr\/115810424896579982","error":""},"_links":{"self":[{"href":"https:\/\/www.europesays.com\/fr\/wp-json\/wp\/v2\/posts\/630617","targetHints":{"allow":["GET"]}}],"collection":[{"href":"https:\/\/www.europesays.com\/fr\/wp-json\/wp\/v2\/posts"}],"about":[{"href":"https:\/\/www.europesays.com\/fr\/wp-json\/wp\/v2\/types\/post"}],"author":[{"embeddable":true,"href":"https:\/\/www.europesays.com\/fr\/wp-json\/wp\/v2\/users\/2"}],"replies":[{"embeddable":true,"href":"https:\/\/www.europesays.com\/fr\/wp-json\/wp\/v2\/comments?post=630617"}],"version-history":[{"count":0,"href":"https:\/\/www.europesays.com\/fr\/wp-json\/wp\/v2\/posts\/630617\/revisions"}],"wp:featuredmedia":[{"embeddable":true,"href":"https:\/\/www.europesays.com\/fr\/wp-json\/wp\/v2\/media\/630618"}],"wp:attachment":[{"href":"https:\/\/www.europesays.com\/fr\/wp-json\/wp\/v2\/media?parent=630617"}],"wp:term":[{"taxonomy":"category","embeddable":true,"href":"https:\/\/www.europesays.com\/fr\/wp-json\/wp\/v2\/categories?post=630617"},{"taxonomy":"post_tag","embeddable":true,"href":"https:\/\/www.europesays.com\/fr\/wp-json\/wp\/v2\/tags?post=630617"}],"curies":[{"name":"wp","href":"https:\/\/api.w.org\/{rel}","templated":true}]}}