{"id":630625,"date":"2025-12-30T20:39:14","date_gmt":"2025-12-30T20:39:14","guid":{"rendered":"https:\/\/www.europesays.com\/fr\/630625\/"},"modified":"2025-12-30T20:39:14","modified_gmt":"2025-12-30T20:39:14","slug":"a-lapproche-du-nouvel-an-la-police-de-rennes-renforce-les-controles-contre-les-mortiers-dartifice","status":"publish","type":"post","link":"https:\/\/www.europesays.com\/fr\/630625\/","title":{"rendered":"\u00c0 l&rsquo;approche du Nouvel an, la police de Rennes renforce les contr\u00f4les contre les mortiers d&rsquo;artifice"},"content":{"rendered":"<p>                    Par<br \/>\n        <strong><br \/>\n            <a href=\"https:\/\/actu.fr\/auteur\/clemence-pays02-actu-fr\" title=\"Consulter tous les articles de Cl\u00e9mence Pays\" target=\"_blank\" rel=\"noopener\">Cl\u00e9mence Pays<\/a><br \/>\n                    <\/strong><\/p>\n<p>        Publi\u00e9 le<\/p>\n<p>            30 d\u00e9c. 2025 \u00e0 17h34        <\/p>\n<p>Ce matin du 30\u00a0d\u00e9cembre 2025, la police de <a href=\"https:\/\/actu.fr\/rennes\/\" target=\"_blank\" rel=\"noopener\">Rennes<\/a> a men\u00e9 \u00ab\u2009une <strong>action de pr\u00e9vention contre l\u2019utilisation d\u00e9tourn\u00e9e des mortiers<\/strong> d\u2019artifice\u2009\u00bb, indique une source polici\u00e8re \u00e0 actu Rennes.<\/p>\n<p class=\" wall-content\"><strong>Deux entrep\u00f4ts de colis ont \u00e9t\u00e9 \u00ab\u2009v\u00e9rifi\u00e9s\u2009\u00bb<\/strong> par les forces de l\u2019ordre et avec l\u2019appui de <strong>chiens sp\u00e9cialis\u00e9s<\/strong> dans la recherche de poudre utilis\u00e9e dans les artifices. \u00ab\u2009Ce ne sont pas des chiens de la police, mais d\u2019une soci\u00e9t\u00e9 priv\u00e9e. Ils sont aussi mobilis\u00e9s au <a href=\"https:\/\/actu.fr\/tag\/roazhon-park\" target=\"_blank\" rel=\"noopener\">Roazhon Park<\/a> pour d\u00e9tecter la pr\u00e9sence de fumig\u00e8nes\u2009\u00bb, illustre cette m\u00eame source.<\/p>\n<p>Une premi\u00e8re<\/p>\n<p class=\" wall-content\">Pour la Direction interd\u00e9partementale de la police nationale (DIPN 35), cette op\u00e9ration \u00e9tait <strong>\u00ab\u2009une premi\u00e8re\u2009\u00bb.<\/strong> Elle a \u00e9t\u00e9 men\u00e9e dans le cadre d\u2019<a href=\"https:\/\/actu.fr\/bretagne\/rennes_35238\/artifices-produits-chimiques-voici-ce-qui-est-interdit-dans-ces-communes-d-ille-et-vilaine-jusqu-en-janvier_63610689.html\" target=\"_blank\" rel=\"noopener\">un arr\u00eat\u00e9 pr\u00e9fectoral interdisant aux particuliers la vente et l\u2019achat d\u2019artifices durant les f\u00eates de fin d\u2019ann\u00e9e<\/a>.<\/p>\n<p class=\" wall-content\">L\u2019arr\u00eat\u00e9 \u00e9tant en vigueur jusqu\u2019au vendredi 2\u00a0janvier 2026, de <strong>nouvelles op\u00e9rations de contr\u00f4les pourraient avoir lieu<\/strong> avec des fouilles de coffres de voitures par exemple, \u00ab\u2009sur autorisation du procureur\u2009\u00bb.<\/p>\n<p class=\" wall-content\">Dans le cas o\u00f9 des produits interdits seraient retrouv\u00e9s, le mat\u00e9riel sera saisi et les mis en cause s\u2019exposent \u00e0 \u00ab\u2009une contravention de 4e classe, soit <strong>750\u00a0euros<\/strong> d\u2019amende\u2009\u00bb, rappelle la DIPN 35.<\/p>\n<p class=\" wall-content\">Personnalisez votre actualit\u00e9 en ajoutant vos villes et m\u00e9dias en favori avec <a href=\"https:\/\/moncompte.actu.fr\" title=\"D\u00e9couvez Mon Actu\" rel=\"nofollow noopener\" data-trk=\"{&quot;cta&quot;:{&quot;action&quot;:&quot;https:\\\/\\\/moncompte.actu.fr&quot;,&quot;category&quot;:&quot;mon compte&quot;,&quot;from&quot;:&quot;article footer&quot;,&quot;name&quot;:&quot;Mon actu&quot;,&quot;type&quot;:&quot;cta&quot;}}\" target=\"_blank\">Mon Actu<\/a>.<\/p>\n","protected":false},"excerpt":{"rendered":"Par Cl\u00e9mence Pays Publi\u00e9 le 30 d\u00e9c. 2025 \u00e0 17h34 Ce matin du 30\u00a0d\u00e9cembre 2025, la police de&hellip;\n","protected":false},"author":2,"featured_media":630626,"comment_status":"","ping_status":"","sticky":false,"template":"","format":"standard","meta":{"footnotes":""},"categories":[2821],"tags":[1111,11,829,1777,674,118,1011,27,12,57085,1072,584,25],"class_list":{"0":"post-630625","1":"post","2":"type-post","3":"status-publish","4":"format-standard","5":"has-post-thumbnail","7":"category-rennes","8":"tag-actu","9":"tag-actualites","10":"tag-bretagne","11":"tag-eu","12":"tag-europe","13":"tag-faits-divers","14":"tag-fr","15":"tag-france","16":"tag-news","17":"tag-nouvel-an-a-rennes","18":"tag-police","19":"tag-rennes","20":"tag-republique-francaise"},"share_on_mastodon":{"url":"https:\/\/pubeurope.com\/@fr\/115810452446377840","error":""},"_links":{"self":[{"href":"https:\/\/www.europesays.com\/fr\/wp-json\/wp\/v2\/posts\/630625","targetHints":{"allow":["GET"]}}],"collection":[{"href":"https:\/\/www.europesays.com\/fr\/wp-json\/wp\/v2\/posts"}],"about":[{"href":"https:\/\/www.europesays.com\/fr\/wp-json\/wp\/v2\/types\/post"}],"author":[{"embeddable":true,"href":"https:\/\/www.europesays.com\/fr\/wp-json\/wp\/v2\/users\/2"}],"replies":[{"embeddable":true,"href":"https:\/\/www.europesays.com\/fr\/wp-json\/wp\/v2\/comments?post=630625"}],"version-history":[{"count":0,"href":"https:\/\/www.europesays.com\/fr\/wp-json\/wp\/v2\/posts\/630625\/revisions"}],"wp:featuredmedia":[{"embeddable":true,"href":"https:\/\/www.europesays.com\/fr\/wp-json\/wp\/v2\/media\/630626"}],"wp:attachment":[{"href":"https:\/\/www.europesays.com\/fr\/wp-json\/wp\/v2\/media?parent=630625"}],"wp:term":[{"taxonomy":"category","embeddable":true,"href":"https:\/\/www.europesays.com\/fr\/wp-json\/wp\/v2\/categories?post=630625"},{"taxonomy":"post_tag","embeddable":true,"href":"https:\/\/www.europesays.com\/fr\/wp-json\/wp\/v2\/tags?post=630625"}],"curies":[{"name":"wp","href":"https:\/\/api.w.org\/{rel}","templated":true}]}}