{"id":63063,"date":"2025-04-30T00:16:10","date_gmt":"2025-04-30T00:16:10","guid":{"rendered":"https:\/\/www.europesays.com\/fr\/63063\/"},"modified":"2025-04-30T00:16:10","modified_gmt":"2025-04-30T00:16:10","slug":"mauvais-obus-pas-de-cadeau-a-la-russie-et-rapprochement-avec-le-canada-2","status":"publish","type":"post","link":"https:\/\/www.europesays.com\/fr\/63063\/","title":{"rendered":"Mauvais obus, pas de \u00ab\u00a0cadeau\u00a0\u00bb \u00e0 la Russie et rapprochement avec le Canada"},"content":{"rendered":"<p>Vous avez rat\u00e9 les derniers \u00e9v\u00e9nements sur la <a href=\"https:\/\/www.20minutes.fr\/monde\/ukraine\/\" class=\"color-ultramarine c-link\" target=\"_blank\" rel=\"noopener\">guerre en Ukraine<\/a>\u00a0? 20 Minutes fait le point pour vous tous les soirs. Entre les d\u00e9clarations fortes, les avanc\u00e9es sur le front et le bilan des combats, voici l\u2019essentiel de ce mardi 29\u00a0avril, 1.161e jour du conflit.<\/p>\n<p>Le fait du jour<\/p>\n<p>Rien de nouveau sur le front des n\u00e9gociations, le pr\u00e9sident ukrainien <a href=\"https:\/\/www.20minutes.fr\/monde\/volodymyr-zelensky\/\" class=\"color-ultramarine c-link\" target=\"_blank\" rel=\"noopener\">Volodymyr Zelensky<\/a> a une fois encore exhort\u00e9 mardi \u00e0 ne faire \u00ab\u00a0cadeau\u00a0\u00bb d\u2019aucun territoire \u00e0 son homologue <a href=\"https:\/\/www.20minutes.fr\/monde\/russie\/\" class=\"color-ultramarine c-link\" target=\"_blank\" rel=\"noopener\">russe<\/a> Vladimir Poutine pour mettre fin \u00e0 la guerre, alors que la reconnaissance de r\u00e9gions occup\u00e9es par Moscou semble \u00eatre envisag\u00e9e par <a href=\"https:\/\/www.20minutes.fr\/dossier\/washington\" class=\"color-ultramarine c-link\" target=\"_blank\" rel=\"noopener\">Washington<\/a>.<\/p>\n<p>\u00ab\u00a0Nous voulons tous que cette guerre se termine de mani\u00e8re \u00e9quitable, sans cadeau pour <a href=\"https:\/\/www.20minutes.fr\/monde\/vladimir_poutine\/\" class=\"color-ultramarine c-link\" target=\"_blank\" rel=\"noopener\">Poutine<\/a>, et surtout pas des terres\u00a0\u00bb, a d\u00e9clar\u00e9 Zelensky lors d\u2019un sommet r\u00e9gional.<\/p>\n<p>La phrase du jour<\/p>\n<blockquote class=\"mx-m@xs mx-xxl@md color-ultramarine c-citation\">\n<p class=\"font-weight-regular@xs text-italic font-source-serif-pro text-l@xs c-citation__content\">\u00ab\u00a0Nous sommes convaincus que notre partenariat ne fera que se renforcer dans notre qu\u00eate commune de paix, de justice et de s\u00e9curit\u00e9.\u00a0\u00bb<\/p>\n<\/blockquote>\n<p>Heureux comme un pr\u00e9sident ukrainien apr\u00e8s la victoire aux \u00e9lections l\u00e9gislatives canadienne du parti du Premier ministre Mark Carney, soutien affich\u00e9 de Kiev face \u00e0 l\u2019invasion russe et anti-Trump convaincu.<\/p>\n<p>Le chiffre du jour<\/p>\n<p>27. Un tribunal militaire du sud de la Russie a annonc\u00e9 mardi avoir condamn\u00e9 \u00e0 27 ans de <a href=\"https:\/\/www.20minutes.fr\/dossier\/prison\" class=\"color-ultramarine c-link\" target=\"_blank\" rel=\"noopener\">prison<\/a> un Ukrainien, naturalis\u00e9 Russe, accus\u00e9 d\u2019avoir tent\u00e9 d\u2019empoisonner des jeunes dipl\u00f4m\u00e9s d\u2019une \u00e9cole d\u2019aviation <a href=\"https:\/\/www.20minutes.fr\/dossier\/militaire\" class=\"color-ultramarine c-link\" target=\"_blank\" rel=\"noopener\">militaire<\/a>, en agissant sur ordre des services ukrainiens.<\/p>\n<\/p>\n<p>Igor Semenov, 34 ans, a \u00e9t\u00e9 reconnu coupable d\u2019avoir essay\u00e9 de tuer des pilotes dipl\u00f4m\u00e9s en introduisant du poison dans des g\u00e2teaux et des bouteilles d\u2019alcool devant \u00eatre consomm\u00e9s lors de leur f\u00eate de fin d\u2019\u00e9tudes en\u00a02023, selon la justice russe.<\/p>\n<p>Depuis le d\u00e9but de l\u2019offensive de grande ampleur en Ukraine en f\u00e9vrier\u00a02022, les affaires de \u00ab\u00a0sabotage\u00a0\u00bb ou d&rsquo;\u00ab\u00a0espionnage\u00a0\u00bb au profit de Kiev se multiplient en Russie. Les proc\u00e8s se tiennent presque toujours \u00e0 huis clos.<\/p>\n<p>La tendance du jour<\/p>\n<p>Les services de s\u00e9curit\u00e9 ukrainiens (SBU) ont annonc\u00e9 mardi avoir arr\u00eat\u00e9 une s\u00e9rie de responsables de la <a href=\"https:\/\/www.20minutes.fr\/dossier\/defense\" class=\"color-ultramarine c-link\" target=\"_blank\" rel=\"noopener\">d\u00e9fense<\/a>, accus\u00e9s d\u2019\u00eatre impliqu\u00e9s dans la fourniture \u00e0 l\u2019arm\u00e9e de dizaines de milliers d\u2019obus d\u00e9fectueux.<\/p>\n<p>Les autorit\u00e9s ukrainiennes avaient annonc\u00e9 en novembre\u00a02024 enqu\u00eater sur ce scandale apr\u00e8s qu\u2019il eut \u00e9t\u00e9 r\u00e9v\u00e9l\u00e9 par la presse. Au moins 120.000 obus de calibre 120\u00a0mm avaient d\u00fb \u00eatre retir\u00e9s du front, au moment o\u00f9 les forces de Kiev manquaient justement de munitions.<\/p>\n<p>\u00ab\u00a0Les accus\u00e9s ont utilis\u00e9 des mat\u00e9riaux de mauvaise qualit\u00e9 et ont effectu\u00e9 un travail d\u00e9fectueux pour la production de masse des obus, ce qui a entra\u00een\u00e9 des d\u00e9faillances\u00a0\u00bb, a indiqu\u00e9 le SBU dans un communiqu\u00e9.<\/p>\n<p><a href=\"https:\/\/www.20minutes.fr\/monde\/ukraine\" class=\"c-link c-btn c-btn--primary\" target=\"_blank\" rel=\"noopener\">Notre dossier sur la guerre en Ukraine<\/a><\/p>\n<p>Selon cette source, le but \u00e9tait de frauder en r\u00e9duisant le co\u00fbt de production afin de tirer un meilleur profit des commandes publiques, avec la complicit\u00e9 de responsables militaires qui ont \u00ab\u00a0ferm\u00e9 les yeux sur le lot de munitions d\u00e9fectueuses et ont introduit de fausses informations dans les documents\u00a0\u00bb.<\/p>\n","protected":false},"excerpt":{"rendered":"Vous avez rat\u00e9 les derniers \u00e9v\u00e9nements sur la guerre en Ukraine\u00a0? 20 Minutes fait le point pour vous&hellip;\n","protected":false},"author":2,"featured_media":63064,"comment_status":"","ping_status":"","sticky":false,"template":"","format":"standard","meta":{"footnotes":""},"categories":[1590],"tags":[11,1777,674,1146,131,74,1916,12,16141,132,220,135,134],"class_list":{"0":"post-63063","1":"post","2":"type-post","3":"status-publish","4":"format-standard","5":"has-post-thumbnail","7":"category-ukraine","8":"tag-actualites","9":"tag-eu","10":"tag-europe","11":"tag-guerre","12":"tag-guerre-en-ukraine","13":"tag-monde","14":"tag-moscou","15":"tag-news","16":"tag-obus","17":"tag-russie","18":"tag-ukraine","19":"tag-vladimir-poutine","20":"tag-volodymyr-zelensky"},"share_on_mastodon":{"url":"https:\/\/pubeurope.com\/@fr\/114424039562856972","error":""},"_links":{"self":[{"href":"https:\/\/www.europesays.com\/fr\/wp-json\/wp\/v2\/posts\/63063","targetHints":{"allow":["GET"]}}],"collection":[{"href":"https:\/\/www.europesays.com\/fr\/wp-json\/wp\/v2\/posts"}],"about":[{"href":"https:\/\/www.europesays.com\/fr\/wp-json\/wp\/v2\/types\/post"}],"author":[{"embeddable":true,"href":"https:\/\/www.europesays.com\/fr\/wp-json\/wp\/v2\/users\/2"}],"replies":[{"embeddable":true,"href":"https:\/\/www.europesays.com\/fr\/wp-json\/wp\/v2\/comments?post=63063"}],"version-history":[{"count":0,"href":"https:\/\/www.europesays.com\/fr\/wp-json\/wp\/v2\/posts\/63063\/revisions"}],"wp:featuredmedia":[{"embeddable":true,"href":"https:\/\/www.europesays.com\/fr\/wp-json\/wp\/v2\/media\/63064"}],"wp:attachment":[{"href":"https:\/\/www.europesays.com\/fr\/wp-json\/wp\/v2\/media?parent=63063"}],"wp:term":[{"taxonomy":"category","embeddable":true,"href":"https:\/\/www.europesays.com\/fr\/wp-json\/wp\/v2\/categories?post=63063"},{"taxonomy":"post_tag","embeddable":true,"href":"https:\/\/www.europesays.com\/fr\/wp-json\/wp\/v2\/tags?post=63063"}],"curies":[{"name":"wp","href":"https:\/\/api.w.org\/{rel}","templated":true}]}}