{"id":630638,"date":"2025-12-30T20:48:09","date_gmt":"2025-12-30T20:48:09","guid":{"rendered":"https:\/\/www.europesays.com\/fr\/630638\/"},"modified":"2025-12-30T20:48:09","modified_gmt":"2025-12-30T20:48:09","slug":"le-bar-tabac-le-nicot-devient-le-soly","status":"publish","type":"post","link":"https:\/\/www.europesays.com\/fr\/630638\/","title":{"rendered":"le bar-tabac Le\u00a0Nicot devient Le\u00a0Soly"},"content":{"rendered":"<p>Aujourd\u2019hui, Le Nicot est toujours l\u00e0 et s\u2019offre un nouveau futur avec Charly Baudrit et Sonia Zeghoud, 27 et 30\u00a0ans, qui l\u2019ont renomm\u00e9 Le\u00a0Soly. \u00ab\u00a0Nous avons voulu lui donner un nom inspir\u00e9 de nos deux pr\u00e9noms\u00a0\u00bb, sourit la jeune femme. \u00ab\u00a0Ce n\u2019est qu\u2019apr\u00e8s que nous avons compris que ce bar \u00e9tait une institution \u00e0 la Bastide.\u00a0\u00bb<\/p>\n<p>\u00ab\u00a0C\u2019est un village\u00a0\u00bb<\/p>\n<p>Sonia Zeghoud et Charly Baudrit, tous deux m\u00e9caniciens de profession dans la Marine marchande, souvent s\u00e9par\u00e9s, souhaitaient reprendre une affaire et ont ouvert Le\u00a0Soly le 10\u00a0juin dernier. L\u2019ancien propri\u00e9taire, Cyril Conte, a tenu Le\u00a0Nicot avec Bruno Bazile pendant vingt-cinq ans.<\/p>\n<p>\u00ab\u00a0Au Nicot, j\u2019ai v\u00e9cu les travaux du tram avec tous les ouvriers d\u2019Alstom et les gars des chantiers qui venaient d\u00e9jeuner\u00a0\u00bb, se souvient-il. \u00ab\u00a0Puis il y a eu le Covid, nous \u00e9tions ouverts en tant que commerce essentiel. J\u2019ai vu les transformations de la Bastide. Je me souviens des concessions automobiles, des stations-service qu\u2019il y avait le long de l\u2019avenue. Ici, c\u2019est un village et j\u2019y reviens toujours.\u00a0\u00bb Cyril Conte a pass\u00e9 un mois et demi avec Sonia Zeghoud et Charly Baudrit.<\/p>\n<p>Aujourd\u2019hui, se croisent au Soly ceux qui se souviennent du Nicot du rond-point, avec sa terrasse o\u00f9 les anciens jouaient \u00e0 la belote, les habitu\u00e9s de toujours, les nouveaux habitants et les coll\u00e9giens qui passent acheter des bonbons. Un bar-tabac de quartier qui a encore de beaux jours devant lui.<\/p>\n","protected":false},"excerpt":{"rendered":"Aujourd\u2019hui, Le Nicot est toujours l\u00e0 et s\u2019offre un nouveau futur avec Charly Baudrit et Sonia Zeghoud, 27&hellip;\n","protected":false},"author":2,"featured_media":630639,"comment_status":"","ping_status":"","sticky":false,"template":"","format":"standard","meta":{"footnotes":""},"categories":[2817],"tags":[1111,11,1997,1777,674,1011,27,12,2219,25],"class_list":{"0":"post-630638","1":"post","2":"type-post","3":"status-publish","4":"format-standard","5":"has-post-thumbnail","7":"category-bordeaux","8":"tag-actu","9":"tag-actualites","10":"tag-bordeaux","11":"tag-eu","12":"tag-europe","13":"tag-fr","14":"tag-france","15":"tag-news","16":"tag-nouvelle-aquitaine","17":"tag-republique-francaise"},"share_on_mastodon":{"url":"https:\/\/pubeurope.com\/@fr\/115810487730738287","error":""},"_links":{"self":[{"href":"https:\/\/www.europesays.com\/fr\/wp-json\/wp\/v2\/posts\/630638","targetHints":{"allow":["GET"]}}],"collection":[{"href":"https:\/\/www.europesays.com\/fr\/wp-json\/wp\/v2\/posts"}],"about":[{"href":"https:\/\/www.europesays.com\/fr\/wp-json\/wp\/v2\/types\/post"}],"author":[{"embeddable":true,"href":"https:\/\/www.europesays.com\/fr\/wp-json\/wp\/v2\/users\/2"}],"replies":[{"embeddable":true,"href":"https:\/\/www.europesays.com\/fr\/wp-json\/wp\/v2\/comments?post=630638"}],"version-history":[{"count":0,"href":"https:\/\/www.europesays.com\/fr\/wp-json\/wp\/v2\/posts\/630638\/revisions"}],"wp:featuredmedia":[{"embeddable":true,"href":"https:\/\/www.europesays.com\/fr\/wp-json\/wp\/v2\/media\/630639"}],"wp:attachment":[{"href":"https:\/\/www.europesays.com\/fr\/wp-json\/wp\/v2\/media?parent=630638"}],"wp:term":[{"taxonomy":"category","embeddable":true,"href":"https:\/\/www.europesays.com\/fr\/wp-json\/wp\/v2\/categories?post=630638"},{"taxonomy":"post_tag","embeddable":true,"href":"https:\/\/www.europesays.com\/fr\/wp-json\/wp\/v2\/tags?post=630638"}],"curies":[{"name":"wp","href":"https:\/\/api.w.org\/{rel}","templated":true}]}}