{"id":630640,"date":"2025-12-30T20:49:12","date_gmt":"2025-12-30T20:49:12","guid":{"rendered":"https:\/\/www.europesays.com\/fr\/630640\/"},"modified":"2025-12-30T20:49:12","modified_gmt":"2025-12-30T20:49:12","slug":"le-choeur-du-barreau-de-bordeaux-est-arrive-troisieme-a-la-meilleure-chorale-de-france","status":"publish","type":"post","link":"https:\/\/www.europesays.com\/fr\/630640\/","title":{"rendered":"le Ch\u0153ur du barreau de Bordeaux est arriv\u00e9 troisi\u00e8me \u00e0 \u00ab\u00a0La Meilleure chorale de France\u00a0\u00bb"},"content":{"rendered":"<p>Le ch\u0153ur est compos\u00e9 d\u2019une trentaine de chanteurs sous la direction de Me\u00a0C\u00e9dric Bernat, ancien chanteur de l\u2019Op\u00e9ra de Bordeaux. Une jeune chorale qui a vu le jour d\u00e9but 2025 et qui a donn\u00e9 son premier concert en mars dernier. Un challenge de taille sachant que la chorale gagnante du concours, un groupe de gospel parisien, a \u00e9t\u00e9 cr\u00e9\u00e9e il y a plus de quarante ans.<\/p>\n<p>Le ch\u0153ur du barreau de Bordeaux est une association reconnue d\u2019int\u00e9r\u00eat g\u00e9n\u00e9ral, qui accueille toute personne d\u00e9sireuse de chanter et propose une formation \u00e0 l\u2019art du chant ouvert \u00e0 tous et pas uniquement aux avocats. Les r\u00e9p\u00e9titions ont lieu le lundi soir.<\/p>\n<p>Les spectateurs pourront r\u00e9entendre les choristes puisqu\u2019ils seront les invit\u00e9s du journal de 19\u00a0heures de France\u00a03 ce jeudi 1er\u00a0janvier.<\/p>\n","protected":false},"excerpt":{"rendered":"Le ch\u0153ur est compos\u00e9 d\u2019une trentaine de chanteurs sous la direction de Me\u00a0C\u00e9dric Bernat, ancien chanteur de l\u2019Op\u00e9ra&hellip;\n","protected":false},"author":2,"featured_media":630641,"comment_status":"","ping_status":"","sticky":false,"template":"","format":"standard","meta":{"footnotes":""},"categories":[2817],"tags":[1111,11,1997,1777,674,1011,27,12,2219,25],"class_list":{"0":"post-630640","1":"post","2":"type-post","3":"status-publish","4":"format-standard","5":"has-post-thumbnail","7":"category-bordeaux","8":"tag-actu","9":"tag-actualites","10":"tag-bordeaux","11":"tag-eu","12":"tag-europe","13":"tag-fr","14":"tag-france","15":"tag-news","16":"tag-nouvelle-aquitaine","17":"tag-republique-francaise"},"share_on_mastodon":{"url":"https:\/\/pubeurope.com\/@fr\/115810491928369841","error":""},"_links":{"self":[{"href":"https:\/\/www.europesays.com\/fr\/wp-json\/wp\/v2\/posts\/630640","targetHints":{"allow":["GET"]}}],"collection":[{"href":"https:\/\/www.europesays.com\/fr\/wp-json\/wp\/v2\/posts"}],"about":[{"href":"https:\/\/www.europesays.com\/fr\/wp-json\/wp\/v2\/types\/post"}],"author":[{"embeddable":true,"href":"https:\/\/www.europesays.com\/fr\/wp-json\/wp\/v2\/users\/2"}],"replies":[{"embeddable":true,"href":"https:\/\/www.europesays.com\/fr\/wp-json\/wp\/v2\/comments?post=630640"}],"version-history":[{"count":0,"href":"https:\/\/www.europesays.com\/fr\/wp-json\/wp\/v2\/posts\/630640\/revisions"}],"wp:featuredmedia":[{"embeddable":true,"href":"https:\/\/www.europesays.com\/fr\/wp-json\/wp\/v2\/media\/630641"}],"wp:attachment":[{"href":"https:\/\/www.europesays.com\/fr\/wp-json\/wp\/v2\/media?parent=630640"}],"wp:term":[{"taxonomy":"category","embeddable":true,"href":"https:\/\/www.europesays.com\/fr\/wp-json\/wp\/v2\/categories?post=630640"},{"taxonomy":"post_tag","embeddable":true,"href":"https:\/\/www.europesays.com\/fr\/wp-json\/wp\/v2\/tags?post=630640"}],"curies":[{"name":"wp","href":"https:\/\/api.w.org\/{rel}","templated":true}]}}