{"id":630642,"date":"2025-12-30T20:50:20","date_gmt":"2025-12-30T20:50:20","guid":{"rendered":"https:\/\/www.europesays.com\/fr\/630642\/"},"modified":"2025-12-30T20:50:20","modified_gmt":"2025-12-30T20:50:20","slug":"la-discotheque-lice-club-ouvre-ses-portes-ce-samedi-3-janvier-2026-medialot","status":"publish","type":"post","link":"https:\/\/www.europesays.com\/fr\/630642\/","title":{"rendered":"La discoth\u00e8que L\u2019ICE CLUB ouvre ses portes ce samedi 3 janvier 2026 \u2013 Medialot"},"content":{"rendered":"<p>\t\t\t\t\t<a href=\"https:\/\/www.europesays.com\/fr\/wp-content\/uploads\/2025\/04\/medialot-300x38-5.jpg\"><img loading=\"lazy\" decoding=\"async\" class=\"size-full wp-image-150487 aligncenter\" src=\"https:\/\/www.europesays.com\/fr\/wp-content\/uploads\/2025\/04\/medialot-300x38-5.jpg\" alt=\"\" width=\"300\" height=\"38\"\/><\/a><br \/>\nElle succ\u00e8de au Divo au 5, rue de l\u2019Ecluse.\u00a0<\/p>\n<p><a href=\"https:\/\/www.ecoutervoir.fr\" target=\"_blank\" rel=\"noopener\"><img loading=\"lazy\" decoding=\"async\" class=\"size-medium wp-image-163875 aligncenter\" src=\"https:\/\/www.europesays.com\/fr\/wp-content\/uploads\/2025\/04\/ecouter-v-300x37.jpeg\" alt=\"\" width=\"300\" height=\"37\"  \/><\/a><\/p>\n<p><a href=\"https:\/\/lot.fr\/actualites\/msd-lot\" target=\"_blank\" rel=\"noopener\"><img loading=\"lazy\" decoding=\"async\" class=\"size-full wp-image-178430 aligncenter\" src=\"https:\/\/www.europesays.com\/fr\/wp-content\/uploads\/2025\/12\/Pub-Campagne-Promotion-MSD-2025-MediaLot-300-x-38-px.jpg\" alt=\"\" width=\"300\" height=\"38\"\/><\/a><\/p>\n<p>\u00ab\u00a0Nouvelle ambiance, nouvelle \u00e9quipe, et l\u2019envie de proposer un lieu convivial et festif, dans le respect de chacun\u00a0\u00bb. La discoth\u00e8que L\u2019ICE CLUB ouvre ses portes ce samedi 3 janvier 2026 et succ\u00e8de au Divo au 5, rue de l\u2019Ecluse. \u00ab\u00a0Cela fait 10 ans que je travaille dans le monde de la nuit au niveau de la s\u00e9curit\u00e9. J\u2019ai eu l\u2019opportunit\u00e9 de reprendre les locaux de l\u2019ancien Divo. La convivialit\u00e9 sera le ma\u00eetre mot de l\u2019\u00e9tablissement. Au niveau de la musique, tous les univers seront repr\u00e9sent\u00e9s\u00a0\u00bb pr\u00e9cise Laura Chapelle, la g\u00e9rante, aux c\u00f4t\u00e9s de ses deux fils, Donovan et Wesley. D\u00e9but des festivit\u00e9s ce 3 janvier \u00e0 minuit.<\/p>\n<p><a href=\"https:\/\/mtechalu46.com\" target=\"_blank\" rel=\"noopener\"><img loading=\"lazy\" decoding=\"async\" class=\"size-full wp-image-163888 aligncenter\" src=\"https:\/\/www.europesays.com\/fr\/wp-content\/uploads\/2025\/04\/GIF-MTECH.gif\" alt=\"\" width=\"300\" height=\"38\"\/><\/a><\/p>\n<p><a href=\"https:\/\/www.facebook.com\/IntermarcheCahors?locale=fr_FR\" target=\"_blank\" rel=\"noopener noreferrer\"><img loading=\"lazy\" decoding=\"async\" class=\"aligncenter wp-image-111517 size-full\" src=\"https:\/\/www.europesays.com\/fr\/wp-content\/uploads\/2025\/04\/intermarche-V2.gif\" alt=\"\" width=\"300\" height=\"38\"\/><\/a><\/p>\n<p><a href=\"https:\/\/chambert.com\/fr\/index.html\" target=\"_blank\" rel=\"noopener\"><img loading=\"lazy\" decoding=\"async\" class=\"size-full wp-image-160827 aligncenter\" src=\"https:\/\/www.europesays.com\/fr\/wp-content\/uploads\/2025\/04\/chambert-2024-300x38-1.gif\" alt=\"\" width=\"300\" height=\"38\"\/><\/a><\/p>\n<p>Photo DR<\/p>\n<p><b><a href=\"https:\/\/www.lfccourtage.com\/\" target=\"_blank\" rel=\"noopener\"><img loading=\"lazy\" decoding=\"async\" class=\"size-full wp-image-78799 aligncenter\" src=\"https:\/\/www.europesays.com\/fr\/wp-content\/uploads\/2025\/04\/lfc-courtage-bandeau-2.gif\" alt=\"\" width=\"300\" height=\"38\"\/><\/a><\/b><\/p>\n<p><a href=\"https:\/\/piscinesservices46.fr\" target=\"_blank\" rel=\"noopener\"><img loading=\"lazy\" decoding=\"async\" class=\"size-full wp-image-146807 aligncenter\" src=\"https:\/\/www.europesays.com\/fr\/wp-content\/uploads\/2025\/04\/ps46-bandeau.gif\" alt=\"\" width=\"300\" height=\"38\"\/><\/a><\/p>\n<p><a href=\"https:\/\/www.assureur-cahors.fr\" target=\"_blank\" rel=\"noopener\"><img loading=\"lazy\" decoding=\"async\" class=\"size-full wp-image-141871 aligncenter\" src=\"https:\/\/www.europesays.com\/fr\/wp-content\/uploads\/2025\/04\/300x38.gif\" alt=\"\" width=\"300\" height=\"38\"\/><\/a><br \/>\n<a href=\"https:\/\/concessions.peugeot.fr\/cahors\" target=\"_blank\" rel=\"noopener\"><img loading=\"lazy\" decoding=\"async\" class=\"size-full wp-image-128909 aligncenter\" src=\"https:\/\/www.europesays.com\/fr\/wp-content\/uploads\/2025\/04\/pub_GGB_s.gif\" alt=\"\" width=\"300\" height=\"38\"\/><\/a><\/p>\n<p>&#13;<br \/>\n\t\t\t\t Vues : 1\u00a0594&#13;\n\t\t\t<\/p>\n","protected":false},"excerpt":{"rendered":"Elle succ\u00e8de au Divo au 5, rue de l\u2019Ecluse.\u00a0 \u00ab\u00a0Nouvelle ambiance, nouvelle \u00e9quipe, et l\u2019envie de proposer un&hellip;\n","protected":false},"author":2,"featured_media":630643,"comment_status":"","ping_status":"","sticky":false,"template":"","format":"standard","meta":{"footnotes":""},"categories":[2816],"tags":[1111,11,1777,674,1011,27,12,2680,25,2312],"class_list":{"0":"post-630642","1":"post","2":"type-post","3":"status-publish","4":"format-standard","5":"has-post-thumbnail","7":"category-toulouse","8":"tag-actu","9":"tag-actualites","10":"tag-eu","11":"tag-europe","12":"tag-fr","13":"tag-france","14":"tag-news","15":"tag-occitanie","16":"tag-republique-francaise","17":"tag-toulouse"},"share_on_mastodon":{"url":"https:\/\/pubeurope.com\/@fr\/115810496135630942","error":""},"_links":{"self":[{"href":"https:\/\/www.europesays.com\/fr\/wp-json\/wp\/v2\/posts\/630642","targetHints":{"allow":["GET"]}}],"collection":[{"href":"https:\/\/www.europesays.com\/fr\/wp-json\/wp\/v2\/posts"}],"about":[{"href":"https:\/\/www.europesays.com\/fr\/wp-json\/wp\/v2\/types\/post"}],"author":[{"embeddable":true,"href":"https:\/\/www.europesays.com\/fr\/wp-json\/wp\/v2\/users\/2"}],"replies":[{"embeddable":true,"href":"https:\/\/www.europesays.com\/fr\/wp-json\/wp\/v2\/comments?post=630642"}],"version-history":[{"count":0,"href":"https:\/\/www.europesays.com\/fr\/wp-json\/wp\/v2\/posts\/630642\/revisions"}],"wp:featuredmedia":[{"embeddable":true,"href":"https:\/\/www.europesays.com\/fr\/wp-json\/wp\/v2\/media\/630643"}],"wp:attachment":[{"href":"https:\/\/www.europesays.com\/fr\/wp-json\/wp\/v2\/media?parent=630642"}],"wp:term":[{"taxonomy":"category","embeddable":true,"href":"https:\/\/www.europesays.com\/fr\/wp-json\/wp\/v2\/categories?post=630642"},{"taxonomy":"post_tag","embeddable":true,"href":"https:\/\/www.europesays.com\/fr\/wp-json\/wp\/v2\/tags?post=630642"}],"curies":[{"name":"wp","href":"https:\/\/api.w.org\/{rel}","templated":true}]}}