{"id":630644,"date":"2025-12-30T20:51:12","date_gmt":"2025-12-30T20:51:12","guid":{"rendered":"https:\/\/www.europesays.com\/fr\/630644\/"},"modified":"2025-12-30T20:51:12","modified_gmt":"2025-12-30T20:51:12","slug":"notre-colere-va-monter-en-puissance-previent-lintersyndicale","status":"publish","type":"post","link":"https:\/\/www.europesays.com\/fr\/630644\/","title":{"rendered":"\u00ab\u00a0Notre col\u00e8re va monter en puissance\u00a0\u00bb, pr\u00e9vient l&rsquo;intersyndicale"},"content":{"rendered":"<p>                    Par<br \/>\n        <strong><br \/>\n            <a href=\"https:\/\/actu.fr\/auteur\/magali-vogel\" title=\"Consulter tous les articles de Magali Vogel\" target=\"_blank\" rel=\"noopener\">Magali Vogel<\/a><br \/>\n                    <\/strong><\/p>\n<p>        Publi\u00e9 le<\/p>\n<p>            30 d\u00e9c. 2025 \u00e0 20h24        <\/p>\n<p>Les forces de l\u2019ordre s\u2019attendaient \u00e0 des d\u00e9versements de fumier, mais sans doute pas \u00e0 un <strong>brasier g\u00e9ant<\/strong>. Ce mardi 30\u00a0d\u00e9cembre 2025, \u00e0 <strong>Caz\u00e8res<\/strong>, au niveau de la sortie 23 de l\u2019A64, au sud de <strong>Toulouse<\/strong>, <a href=\"https:\/\/actu.fr\/occitanie\/cazeres_31135\/pres-de-toulouse-fumier-deverse-feu-allume-nouvelle-operation-coup-de-poing-des-agriculteurs-sur-l-a64_63633728.html\" target=\"_blank\" rel=\"noopener\">des <\/a><strong><a href=\"https:\/\/actu.fr\/occitanie\/cazeres_31135\/pres-de-toulouse-fumier-deverse-feu-allume-nouvelle-operation-coup-de-poing-des-agriculteurs-sur-l-a64_63633728.html\" target=\"_blank\" rel=\"noopener\">agriculteurs de Haute-Garonne ont allum\u00e9 un immense feu<\/a> sur le rond-point<\/strong> menant \u00e0 la bretelle d\u2019acc\u00e8s. Une vingtaine de gendarmes \u00e9taient pr\u00e9sents pour assurer la s\u00e9curit\u00e9, tout comme les pompiers. Reportage.<\/p>\n<p>Les agriculteurs en col\u00e8re et pacifistes<\/p>\n<p class=\" wall-content\">Il est 11\u00a0heures, ce mardi, lorsqu\u2019une quinzaine de tracteurs s\u2019emparent du rond-point, pr\u00e8s de l\u2019aire de covoiturage d\u2019Aygossau. Les manifestants, une quarantaine, arrachent des arbres \u00e0 grands coups de tracteurs et d\u00e9versent de la paille, du fumier et des pneus.<\/p>\n<p class=\" wall-content\">La sc\u00e8ne dure une trentaine de minutes avant que l\u2019un des manifestants ne gratte une allumette. <strong>Un feu symbole de leur col\u00e8re<\/strong> s\u2019embrase apr\u00e8s plusieurs semaines de revendications rest\u00e9es sans r\u00e9ponse. L\u2019incendie se propage sur l\u2019asphalte. \u00c0 quelques m\u00e8tres de l\u00e0<strong>, des pneus adoss\u00e9s \u00e0 des panneaux de signalisation sont aussi en proie aux flammes<\/strong>. La circulation doit \u00eatre ferm\u00e9e. Les automobilistes qui arrivent sur ce rond-point \u00e9carquillent les yeux. Certains sont un peu pris de panique par les flammes, mais le feu est ma\u00eetris\u00e9 et les agriculteurs <strong>pacifistes<\/strong>.<\/p>\n<p class=\" wall-content\">Ces agriculteurs veulent \u00eatre vus, entendus. Face \u00e0 un gouvernement qu\u2019ils estiment sourd \u00e0 leurs revendications,<strong> ils se disent pr\u00eats \u00e0 tenir dans la dur\u00e9e<\/strong>. Pour l\u2019avenir de leurs exploitations, mais aussi pour celui de leur m\u00e9tier.<\/p>\n<p>    <img   decoding=\"async\" loading=\"lazy\" src=\"https:\/\/www.europesays.com\/fr\/wp-content\/uploads\/2025\/12\/img-20251230-113255-960x640.jpg\" alt=\"manifestation des agriculteurs \u00e0 Caz\u00e8res, en Haute-Garonne, mardi 30 d\u00e9cembre 2025\" width=\"960\" height=\"640\"\/><br \/>\n    Manifestation des agriculteurs \u00e0 Caz\u00e8res, en Haute-Garonne, mardi 30\u00a0d\u00e9cembre 2025 (\u00a9Magali Vogel \/ Actu Toulouse)La mobilisation est g\u00e9n\u00e9rale<\/p>\n<p class=\" wall-content\">Actu Toulouse a notamment rencontr\u00e9 <strong>Luc Mesbah<\/strong>, pr\u00e9sident de la FDSEA et organisateur du mouvement de col\u00e8re du jour. \u00c0 travers cette action coup de poing, \u00e0 la fois symbolique et m\u00e9diatique,<a href=\"https:\/\/actu.fr\/occitanie\/carbonne_31107\/blocages-des-agriculteurs-quelles-sont-les-routes-fermees-autour-de-toulouse-ce-lundi_63629278.html\" target=\"_blank\" rel=\"noopener\"><strong> il souhaite alerter l\u2019opinion publique sur la fragilit\u00e9 du monde agricole<\/strong><\/a>.<\/p>\n<p class=\" wall-content\">\u00ab\u2009Ce mardi, nous sommes en manifestation intersyndicale et nous la m\u00e8nerons jusqu\u2019aux accords du Mercosur, pr\u00e9vus mi-janvier (NDLR). Nous ne voulons pas qu\u2019ils soient sign\u00e9s\u2009\u00bb, explique-t-il.<\/p>\n<p>Votre r\u00e9gion, votre actu !<\/p>\n<p>Recevez chaque jour les infos qui comptent pour vous.<\/p>\n<p>\t<a href=\"https:\/\/actu.fr\/newsletter\" class=\"ac-btn ac-btn--corner ac-btn--medium ac-btn--blue800\" target=\"_blank\" rel=\"noopener\">S&rsquo;incrire<\/a><\/p>\n<p class=\" wall-content\">Il ajoute\u2009: \u00ab\u2009C\u2019est une mobilisation g\u00e9n\u00e9rale. Les agriculteurs demandent que nous continuions \u00e0 mettre la pression sur le gouvernement, car nous ne sommes pas entendus. La col\u00e8re monte de plus en plus et elle montera encore davantage d\u00e9but janvier\u2009\u00bb.<\/p>\n<p>En centre-ville de Toulouse samedi<\/p>\n<p class=\" wall-content\">Samedi 3\u00a0janvier 2026, il pr\u00e9voit avec ses camarades un d\u00e9fil\u00e9 symbolique dans<strong> le centre-ville<\/strong> de Toulouse, afin d\u2019aller \u00e0 la rencontre des Toulousains. \u00ab\u2009Nous voulons \u00e9voquer nos vaches qui ont \u00e9t\u00e9 abattues dans le d\u00e9partement et expliquer nos probl\u00e9matiques. L\u2019enjeu n\u2019est pas seulement l\u2019agriculture, mais l\u2019alimentation de demain, qui est remise en cause\u2009\u00bb.<\/p>\n<p class=\" wall-content\">Les revendications des agriculteurs de Haute-Garonne \u2014 et d\u2019autres r\u00e9gions \u2014 sont multiples\u2009: <strong>une modification du protocole concernant la dermatose nodulaire contagieuse<\/strong> et les abattages, <strong>l\u2019abandon de la signature de l\u2019accord du Mercosur<\/strong>, l\u2019absence de <strong>nouvelles taxes sur les engrais<\/strong>, ainsi qu\u2019<strong>une simplification administrative<\/strong>. \u00ab\u2009Il faut arr\u00eater de prendre les agriculteurs pour des andouilles\u2009\u00bb, conclut Luc Mesbah.<\/p>\n<p>    <img   decoding=\"async\" loading=\"lazy\" src=\"https:\/\/www.europesays.com\/fr\/wp-content\/uploads\/2025\/12\/img-20251230-112745-960x640.jpg\" alt=\"Rond point de l'aire de voiturage de l\u2019Aygossau, \u00e0 Caz\u00e8res, Haute-Garonne.\" width=\"960\" height=\"640\"\/><br \/>\n    Rond point de l\u2019aire de voiturage de l\u2019Aygossau, \u00e0 Caz\u00e8res, Haute-Garonne. (\u00a9Magali Vogel \/ Actu Toulouse)\u00ab\u2009Nos enfants n\u2019auront plus rien \u00e0 manger\u2009\u00bb<\/p>\n<p class=\" wall-content\">Ce qui a mis le feu aux poudres, c\u2019est l\u2019abattage syst\u00e9matique des b\u00eates atteintes de la dermatose nodulaire contagieuse. Les agriculteurs r\u00e9clament une vaccination renforc\u00e9e et un gouvernement davantage dans l\u2019anticipation. \u00ab\u2009Cette maladie vient d\u2019Espagne. On n\u2019est pas du tout soutenus, on n\u2019a pas de vision \u00e0 long terme et on ne peut pas continuer comme \u00e7a\u2009\u00bb, d\u00e9nonce Luc Mesbah.<\/p>\n<p class=\" wall-content\"><strong>Jean<\/strong>, chevrier dans les Corbi\u00e8res et pr\u00e9sident du collectif du 26\u00a0ao\u00fbt, est venu soutenir ses coll\u00e8gues lors de cette action. \u00ab\u2009C\u2019\u00e9tait important pour moi d\u2019\u00eatre ici parce que l\u2019enjeu, c\u2019est de savoir ce que nous allons manger demain. Si nous ne sommes plus l\u00e0, nos enfants n\u2019auront plus rien \u00e0 manger. <strong>C\u2019est lamentable<\/strong>. On ne comprend pas pourquoi l\u2019\u00c9tat veut tuer la paysannerie en France\u2009\u00bb, t\u00e9moigne-t-il.<\/p>\n<p class=\" wall-content\">Une nouvelle rencontre avec la ministre est pr\u00e9vue lundi \u00e0 Paris. \u00ab\u2009Si nous avons les m\u00eames r\u00e9ponses que l\u2019autre jour, le combat sera d\u00e9termin\u00e9 et nous irons jusqu\u2019au bout pour les faire flancher\u2009\u00bb, pr\u00e9viennent les repr\u00e9sentants du mouvement.<\/p>\n<p>\u00ab\u2009Il n\u2019y a pas que J\u00e9r\u00f4me Bayle qui peut entrer sur l\u2019autoroute\u2009\u00bb<\/p>\n<p class=\" wall-content\">Apr\u00e8s plusieurs heures de mobilisation, les agriculteurs ont pris possession d\u2019une portion de l\u2019A64, trois sorties plus au sud du blocage men\u00e9 par J\u00e9r\u00f4me Bayle. Une action v\u00e9cue comme une fiert\u00e9 par les hommes et les femmes mobilis\u00e9s ce mardi 30\u00a0d\u00e9cembre.<\/p>\n<p>    <img   decoding=\"async\" loading=\"lazy\" src=\"https:\/\/www.europesays.com\/fr\/wp-content\/uploads\/2025\/12\/img-20251230-105701-960x640.jpg\" alt=\"Jean, ch\u00e9vrier dans les Corbi\u00e8res\" width=\"960\" height=\"640\"\/><br \/>\n    Jean, chevrier dans les Corbi\u00e8res, pr\u00e9sent sur le blocage de la bretelle d\u2019autoroute 23 de l\u2019A64. (\u00a9Magali Vogel \/ Actu Toulouse)<\/p>\n<p class=\" wall-content\"><strong>\u00ab\u00a0Il n\u2019y a pas que J\u00e9r\u00f4me Bayle qui peut entrer sur l\u2019autoroute\u00a0\u00bb<\/strong>, entend-on dans la foule, d\u00e9termin\u00e9e \u00e0 maintenir la pression. \u00ab\u00a0\u00c7a va \u00eatre compliqu\u00e9 pour nous, mais il faut mener ce combat\u2009\u00bb, poursuit Jean. \u00a0\u00bb L\u2019\u00c9tat ne veut pas nous entendre. Ils veulent abattre 21\u2009% du cheptel en France\u00a0\u00bb.<\/p>\n<p class=\" wall-content\">Pour lui, cette perspective est une aberration\u2009: \u00ab\u2009La g\u00e9n\u00e9tique est un travail de longue haleine dans les \u00e9levages bovins. R\u00e9implanter des vaches sur un secteur demande un travail colossal. Pour reconstruire un cheptel, il faut au minimum vingt ans. On ne demande pas grand-chose\u2009: \u00e9coutez-nous\u2009\u00bb.<\/p>\n<p class=\" wall-content\">De nombreux agriculteurs sont \u00e0 bout\u2009: \u00e0 bout de nerfs, mais aussi \u00e9puis\u00e9s physiquement. Pourtant, ils restent debout. Depuis le 12\u00a0d\u00e9cembre,<strong> certains mangent dehors<\/strong> et <strong>tiennent les blocages jour et nuit.<\/strong> \u00ab\u2009J\u2019ai pass\u00e9 le r\u00e9veillon et No\u00ebl sur les barrages de l\u2019A64. Ce n\u2019est pas facile, mais le mouvement va se durcir \u00e0 la rentr\u00e9e\u2009\u00bb, raconte Jean. P\u00e8re de deux filles de 7 et 13\u00a0ans, il assure pouvoir compter sur leur soutien. \u00ab\u2009En ce moment, on passe plus de temps \u00e0 manifester que dans nos fermes, mais on tient, il y va de notre survie\u2009\u00bb.<\/p>\n<p class=\" wall-content\">Rendez-vous est pris avec la ministre de l\u2019agriculture lundi 5\u00a0janvier 2026, \u00e0 Paris, pour n\u00e9gocier une sortie de conflits.<\/p>\n<p class=\" wall-content\">Personnalisez votre actualit\u00e9 en ajoutant vos villes et m\u00e9dias en favori avec <a href=\"https:\/\/moncompte.actu.fr\" title=\"D\u00e9couvez Mon Actu\" rel=\"nofollow noopener\" data-trk=\"{&quot;cta&quot;:{&quot;action&quot;:&quot;https:\\\/\\\/moncompte.actu.fr&quot;,&quot;category&quot;:&quot;mon compte&quot;,&quot;from&quot;:&quot;article footer&quot;,&quot;name&quot;:&quot;Mon actu&quot;,&quot;type&quot;:&quot;cta&quot;}}\" target=\"_blank\">Mon Actu<\/a>.<\/p>\n","protected":false},"excerpt":{"rendered":"Par Magali Vogel Publi\u00e9 le 30 d\u00e9c. 2025 \u00e0 20h24 Les forces de l\u2019ordre s\u2019attendaient \u00e0 des d\u00e9versements&hellip;\n","protected":false},"author":2,"featured_media":630645,"comment_status":"","ping_status":"","sticky":false,"template":"","format":"standard","meta":{"footnotes":""},"categories":[2816],"tags":[1111,11,1777,674,1011,27,12,2680,25,104,2312],"class_list":{"0":"post-630644","1":"post","2":"type-post","3":"status-publish","4":"format-standard","5":"has-post-thumbnail","7":"category-toulouse","8":"tag-actu","9":"tag-actualites","10":"tag-eu","11":"tag-europe","12":"tag-fr","13":"tag-france","14":"tag-news","15":"tag-occitanie","16":"tag-republique-francaise","17":"tag-societe","18":"tag-toulouse"},"share_on_mastodon":{"url":"https:\/\/pubeurope.com\/@fr\/115810501714171492","error":""},"_links":{"self":[{"href":"https:\/\/www.europesays.com\/fr\/wp-json\/wp\/v2\/posts\/630644","targetHints":{"allow":["GET"]}}],"collection":[{"href":"https:\/\/www.europesays.com\/fr\/wp-json\/wp\/v2\/posts"}],"about":[{"href":"https:\/\/www.europesays.com\/fr\/wp-json\/wp\/v2\/types\/post"}],"author":[{"embeddable":true,"href":"https:\/\/www.europesays.com\/fr\/wp-json\/wp\/v2\/users\/2"}],"replies":[{"embeddable":true,"href":"https:\/\/www.europesays.com\/fr\/wp-json\/wp\/v2\/comments?post=630644"}],"version-history":[{"count":0,"href":"https:\/\/www.europesays.com\/fr\/wp-json\/wp\/v2\/posts\/630644\/revisions"}],"wp:featuredmedia":[{"embeddable":true,"href":"https:\/\/www.europesays.com\/fr\/wp-json\/wp\/v2\/media\/630645"}],"wp:attachment":[{"href":"https:\/\/www.europesays.com\/fr\/wp-json\/wp\/v2\/media?parent=630644"}],"wp:term":[{"taxonomy":"category","embeddable":true,"href":"https:\/\/www.europesays.com\/fr\/wp-json\/wp\/v2\/categories?post=630644"},{"taxonomy":"post_tag","embeddable":true,"href":"https:\/\/www.europesays.com\/fr\/wp-json\/wp\/v2\/tags?post=630644"}],"curies":[{"name":"wp","href":"https:\/\/api.w.org\/{rel}","templated":true}]}}