{"id":630654,"date":"2025-12-30T20:57:15","date_gmt":"2025-12-30T20:57:15","guid":{"rendered":"https:\/\/www.europesays.com\/fr\/630654\/"},"modified":"2025-12-30T20:57:15","modified_gmt":"2025-12-30T20:57:15","slug":"lyon-le-jeune-cycliste-percute-par-une-voiture-quai-gailleton-est-tire-daffaire","status":"publish","type":"post","link":"https:\/\/www.europesays.com\/fr\/630654\/","title":{"rendered":"Lyon. Le jeune cycliste percut\u00e9 par une voiture quai Gailleton est tir\u00e9 d\u2019affaire"},"content":{"rendered":"<p>Son \u00e9tat inspirait la plus grande inqui\u00e9tude\u2026 Dans la nuit du samedi\u00a013 et du dimanche 14\u00a0d\u00e9cembre, un jeune cycliste de 16 ans avait \u00e9t\u00e9 gri\u00e8vement bless\u00e9 sans un accident survenu quai du Docteur-Gailleton, \u00e0 hauteur du Sofitel, dans le 2\u1d49 arrondissement de Lyon.<\/p>\n<p>Selon des t\u00e9moins, il s\u2019\u00e9tait d\u00e9port\u00e9 sur la gauche avant d\u2019\u00eatre heurt\u00e9 par une voiture qui n\u2019avait pu l\u2019\u00e9viter. Projet\u00e9e sur plusieurs m\u00e8tres, la victime avait \u00e9t\u00e9 transport\u00e9e \u00e0 l\u2019h\u00f4pital avec un pronostic vital tr\u00e8s engag\u00e9. Le conducteur du v\u00e9hicule qui l\u2019avait percut\u00e9, <a href=\"https:\/\/www.leprogres.fr\/faits-divers-justice\/2025\/12\/15\/cycliste-renverse-quai-gailleton-le-conducteur-etait-ivre\" target=\"_blank\" rel=\"noopener\">positif \u00e0 l\u2019alcool<\/a>, \u00e9tait quant \u00e0 lui imm\u00e9diatement plac\u00e9 en garde \u00e0 vue.<\/p>\n<p>Ce mardi 30\u00a0d\u00e9cembre, Le Progr\u00e8s est en mesure de communiquer des nouvelles du jeune homme, originaire de V\u00e9nissieux, et elles sont bonnes\u00a0: aujourd\u2019hui tir\u00e9 d\u2019affaire, il a pu regagner son domicile. Sa famille se refuse pour l\u2019instant \u00e0 tout autre commentaire.<\/p>\n","protected":false},"excerpt":{"rendered":"Son \u00e9tat inspirait la plus grande inqui\u00e9tude\u2026 Dans la nuit du samedi\u00a013 et du dimanche 14\u00a0d\u00e9cembre, un jeune&hellip;\n","protected":false},"author":2,"featured_media":630655,"comment_status":"","ping_status":"","sticky":false,"template":"","format":"standard","meta":{"footnotes":""},"categories":[1889],"tags":[119,1111,11,2430,271,272,2757,1777,674,274,1011,27,2428,12354,12353,12,25,2429],"class_list":{"0":"post-630654","1":"post","2":"type-post","3":"status-publish","4":"format-standard","5":"has-post-thumbnail","7":"category-lyon","8":"tag-accident","9":"tag-actu","10":"tag-actualites","11":"tag-auvergne-rhone-alpes","12":"tag-crime","13":"tag-delit-et-contravention","14":"tag-edition-lyon-villeurbanne","15":"tag-eu","16":"tag-europe","17":"tag-faits-divers-justice","18":"tag-fr","19":"tag-france","20":"tag-lyon","21":"tag-lyon-2e","22":"tag-lyon-2e-arrondissement","23":"tag-news","24":"tag-republique-francaise","25":"tag-rhone"},"share_on_mastodon":{"url":"https:\/\/pubeurope.com\/@fr\/115810523206664636","error":""},"_links":{"self":[{"href":"https:\/\/www.europesays.com\/fr\/wp-json\/wp\/v2\/posts\/630654","targetHints":{"allow":["GET"]}}],"collection":[{"href":"https:\/\/www.europesays.com\/fr\/wp-json\/wp\/v2\/posts"}],"about":[{"href":"https:\/\/www.europesays.com\/fr\/wp-json\/wp\/v2\/types\/post"}],"author":[{"embeddable":true,"href":"https:\/\/www.europesays.com\/fr\/wp-json\/wp\/v2\/users\/2"}],"replies":[{"embeddable":true,"href":"https:\/\/www.europesays.com\/fr\/wp-json\/wp\/v2\/comments?post=630654"}],"version-history":[{"count":0,"href":"https:\/\/www.europesays.com\/fr\/wp-json\/wp\/v2\/posts\/630654\/revisions"}],"wp:featuredmedia":[{"embeddable":true,"href":"https:\/\/www.europesays.com\/fr\/wp-json\/wp\/v2\/media\/630655"}],"wp:attachment":[{"href":"https:\/\/www.europesays.com\/fr\/wp-json\/wp\/v2\/media?parent=630654"}],"wp:term":[{"taxonomy":"category","embeddable":true,"href":"https:\/\/www.europesays.com\/fr\/wp-json\/wp\/v2\/categories?post=630654"},{"taxonomy":"post_tag","embeddable":true,"href":"https:\/\/www.europesays.com\/fr\/wp-json\/wp\/v2\/tags?post=630654"}],"curies":[{"name":"wp","href":"https:\/\/api.w.org\/{rel}","templated":true}]}}