{"id":630658,"date":"2025-12-30T21:00:14","date_gmt":"2025-12-30T21:00:14","guid":{"rendered":"https:\/\/www.europesays.com\/fr\/630658\/"},"modified":"2025-12-30T21:00:14","modified_gmt":"2025-12-30T21:00:14","slug":"navigo-annuel-et-transports-en-2026-les-annonces-dile-de-france-mobilites","status":"publish","type":"post","link":"https:\/\/www.europesays.com\/fr\/630658\/","title":{"rendered":"Navigo Annuel et transports en 2026 : les annonces d&rsquo;\u00cele-de-France Mobilit\u00e9s"},"content":{"rendered":"<p><strong>\u00cele-de-France Mobilit\u00e9s<\/strong> profite du changement d\u2019ann\u00e9e pour faire le point sur ses plans pour 2026. Les lignes vont s\u2019am\u00e9liorer, et pour les usagers, le passe Navigo Annuel fait enfin son arriv\u00e9e.<\/p>\n<p><a target=\"_blank\" href=\"https:\/\/images.frandroid.com\/wp-content\/uploads\/2025\/12\/smartphone-navigo-google-wallet.jpg\" class=\"article-content__figure\" rel=\"noopener\"><img fetchpriority=\"high\" decoding=\"async\" loading=\"eager\" width=\"1200\" height=\"655\" src=\"https:\/\/www.europesays.com\/fr\/wp-content\/uploads\/2025\/12\/smartphone-navigo-google-wallet.jpg\" alt=\"\" class=\"wp-image-2922999 wp-image wp-image\"  \/><\/a>Frandroid avec Gemini<\/p>\n<p>La modernisation du r\u00e9seau de transport en commun en \u00cele-de-France continue. Ces derni\u00e8res ann\u00e9es, la r\u00e9gion a mis en place <a href=\"https:\/\/www.frandroid.com\/marques\/apple\/2026854_passe-navigo-sur-iphone-8-questions-a-se-poser-avant-de-se-lancer\" target=\"_blank\" rel=\"noopener\">le passe Navigo sur iPhone<\/a> et <a href=\"https:\/\/www.frandroid.com\/android\/applications\/1506270_pass-navigo-sur-iphone-et-android-on-sait-enfin-quand-paris-modernisera-son-metro\" target=\"_blank\" rel=\"noopener\">sur Android<\/a>, avant de mettre fin <a href=\"https:\/\/www.frandroid.com\/produits-android\/smartphone\/2852299_fin-du-ticket-en-carton-pour-les-metros-bus-et-tramways-a-paris-et-en-ile-de-france-voici-les-alternatives\" target=\"_blank\" rel=\"noopener\">petit \u00e0 petit au ticket en carton<\/a>.<\/p>\n<p>En 2026, \u00cele-de-France Mobilit\u00e9s continue son projet et modernise du m\u00eame coup son r\u00e9seau. Dans un communiqu\u00e9, l\u2019agence d\u00e9voile ses plans pour 2026. <\/p>\n<p>Plus de m\u00e9tro avec de l\u2019USB\u2026 mais pas d\u2019USB-C<\/p>\n<p>\u00cele-de-France Mobilit\u00e9s est responsable du r\u00e9seau de bus, tram, m\u00e9tro et RER dans la r\u00e9gion. Le plus important, c\u2019est l\u2019extension du m\u00e9tro avec l\u2019ouverture de la ligne 18 pr\u00e9vue en octobre 2026.<\/p>\n<p>Le communiqu\u00e9 porte aussi sur le remplacement du mat\u00e9riel roulant sur les lignes 10, 3 bis, 7 bis et 13 pour des rames MF19. Les <a target=\"_blank\" href=\"https:\/\/www.numerama.com\/vroom\/1906255-le-nouveau-metro-a-paris-mf19-fait-un-choix-bizarre-pour-ses-ports-usb.html\" rel=\"noopener\">fameuses rames qui proposent des ports de charge USB<\/a>, mais seulement de l\u2019USB-A, alors que l\u2019Europe a g\u00e9n\u00e9ralis\u00e9 l\u2019USB-C sur nos appareils.<\/p>\n<p>Dans le m\u00eame ordre d\u2019id\u00e9e, le communiqu\u00e9 pr\u00e9cise un renouvellement du tramway pour les lignes 1 et 2 ainsi que pour le RER E \u00e0 l\u2019\u00e9chelle r\u00e9gionale.<\/p>\n<p>Deux changements attendus sur smartphone<\/p>\n<p>Au d\u00e9tour d\u2019une phrase, \u00cele-de-France Mobilit\u00e9s confirme que la d\u00e9mat\u00e9rialisation du Navigo Annuel se fera enfin en 2026, plus pr\u00e9cis\u00e9ment au printemps.<\/p>\n<blockquote class=\"wp-block-quote is-layout-flow wp-block-quote-is-layout-flow\">\n<p>\u00ab Par ailleurs, <strong>\u00cele-de-France Mobilit\u00e9s travaille sur la d\u00e9mat\u00e9rialisation des supports restants<\/strong>, \u00e0 commencer par le <strong>Navigo Annuel<\/strong>, attendu au <strong>printemps 2026<\/strong>, ainsi que les <strong>titres de transport interr\u00e9gionaux d\u2019ici \u00e0 la fin de l\u2019ann\u00e9e<\/strong> pour les voyageurs qui se rendent dans les gares hors \u00cele-de-France desservies par les lignes franciliennes. \u00bb<\/p>\n<\/blockquote>\n<p>Autre bonne nouvelle pour les utilisateurs de smartphone Android : il sera possible de stocker son abonnement Navigo dans Google Wallet. C\u2019est le syst\u00e8me que connaissent d\u00e9j\u00e0 les utilisateurs d\u2019iPhone o\u00f9 Apple Wallet peut int\u00e9grer Navigo.<\/p>\n<p>Envie de rejoindre une communaut\u00e9 de passionn\u00e9s ? <a href=\"https:\/\/discord.com\/invite\/frandroid-311789172149190657\" target=\"_blank\" rel=\"noopener\">Notre Discord<\/a> vous accueille, c\u2019est un lieu d\u2019entraide et de passion autour de la tech.<\/p>\n","protected":false},"excerpt":{"rendered":"\u00cele-de-France Mobilit\u00e9s profite du changement d\u2019ann\u00e9e pour faire le point sur ses plans pour 2026. Les lignes vont&hellip;\n","protected":false},"author":2,"featured_media":630659,"comment_status":"","ping_status":"","sticky":false,"template":"","format":"standard","meta":{"footnotes":""},"categories":[1592],"tags":[1111,11,270,1777,674,1011,27,662,18010,12,626,25,33344],"class_list":{"0":"post-630658","1":"post","2":"type-post","3":"status-publish","4":"format-standard","5":"has-post-thumbnail","7":"category-ile-de-france","8":"tag-actu","9":"tag-actualites","10":"tag-breaking","11":"tag-eu","12":"tag-europe","13":"tag-fr","14":"tag-france","15":"tag-ile-de-france","16":"tag-navigo","17":"tag-news","18":"tag-paris","19":"tag-republique-francaise","20":"tag-transport-en-commun"},"share_on_mastodon":{"url":"https:\/\/pubeurope.com\/@fr\/115810535200097785","error":""},"_links":{"self":[{"href":"https:\/\/www.europesays.com\/fr\/wp-json\/wp\/v2\/posts\/630658","targetHints":{"allow":["GET"]}}],"collection":[{"href":"https:\/\/www.europesays.com\/fr\/wp-json\/wp\/v2\/posts"}],"about":[{"href":"https:\/\/www.europesays.com\/fr\/wp-json\/wp\/v2\/types\/post"}],"author":[{"embeddable":true,"href":"https:\/\/www.europesays.com\/fr\/wp-json\/wp\/v2\/users\/2"}],"replies":[{"embeddable":true,"href":"https:\/\/www.europesays.com\/fr\/wp-json\/wp\/v2\/comments?post=630658"}],"version-history":[{"count":0,"href":"https:\/\/www.europesays.com\/fr\/wp-json\/wp\/v2\/posts\/630658\/revisions"}],"wp:featuredmedia":[{"embeddable":true,"href":"https:\/\/www.europesays.com\/fr\/wp-json\/wp\/v2\/media\/630659"}],"wp:attachment":[{"href":"https:\/\/www.europesays.com\/fr\/wp-json\/wp\/v2\/media?parent=630658"}],"wp:term":[{"taxonomy":"category","embeddable":true,"href":"https:\/\/www.europesays.com\/fr\/wp-json\/wp\/v2\/categories?post=630658"},{"taxonomy":"post_tag","embeddable":true,"href":"https:\/\/www.europesays.com\/fr\/wp-json\/wp\/v2\/tags?post=630658"}],"curies":[{"name":"wp","href":"https:\/\/api.w.org\/{rel}","templated":true}]}}