{"id":630660,"date":"2025-12-30T21:01:12","date_gmt":"2025-12-30T21:01:12","guid":{"rendered":"https:\/\/www.europesays.com\/fr\/630660\/"},"modified":"2025-12-30T21:01:12","modified_gmt":"2025-12-30T21:01:12","slug":"paris-fc-pierre-lees-melou-incertain-pour-le-derby-contre-le-psg","status":"publish","type":"post","link":"https:\/\/www.europesays.com\/fr\/630660\/","title":{"rendered":"Paris FC\u00a0: Pierre Lees-Melou incertain pour le derby contre le PSG"},"content":{"rendered":"<p class=\"paragraph text_align_left lp-f-body-02\">C\u2019est reparti pour le promu parisien. Apr\u00e8s une fin d\u2019ann\u00e9e marqu\u00e9e par une s\u00e9rie de r\u00e9sultats n\u00e9gatifs en<a href=\"https:\/\/www.leparisien.fr\/sports\/football\/ligue-1\/\" target=\"_blank\" rel=\"noreferrer noopener\"> Ligue 1<\/a> &#8211; 2 nuls et 3 d\u00e9faites lors des 5 derniers matchs &#8211; et une m\u00e9diocre 14e place, le <a href=\"https:\/\/www.leparisien.fr\/sports\/football\/paris-fc\/\" target=\"_blank\" rel=\"noreferrer noopener\">Paris FC <\/a>a repris l\u2019entra\u00eenement lundi dans son centre d\u2019entra\u00eenement \u00e0 Orly. L\u2019ensemble de l\u2019effectif \u00e9tait pr\u00e9sent, huit jours apr\u00e8s un succ\u00e8s (0-3) \u00e0 Raon-l\u2019\u00c9tape en 32es de finale de la Coupe de France. Seuls manquaient \u00e0 l\u2019appel les joueurs s\u00e9lectionn\u00e9s pour la <a href=\"https:\/\/www.leparisien.fr\/sports\/football\/coupe-d-afrique-des-nations\/\" target=\"_blank\" rel=\"noreferrer noopener\">CAN<\/a>, Ilan Kebbal, Samir Chergui (Alg\u00e9rie), Moses Simon (Nigeria), Jean-Philippe Krasso (C\u00f4te d\u2019Ivoire) et Hamari Traor\u00e9 (Mali).<\/p>\n<p class=\"\">Le lat\u00e9ral droit Sofiane Alakouch et l\u2019attaquant Pierre-Yves Hamel sont, eux, toujours en convalescence, mais ils devraient faire leur retour dans le groupe tr\u00e8s prochainement. Absent depuis fin novembre, le milieu de terrain Pierre Lees-Melou, qui avait pris un coup contre Lille (4-2) sur la plaque pos\u00e9e apr\u00e8s son op\u00e9ration au p\u00e9ron\u00e9, une blessure contract\u00e9e avec Brest, a repris l\u2019entra\u00eenement. Mais il reste incertain pour le derby parisien contre le <a href=\"https:\/\/www.leparisien.fr\/sports\/football\/psg\/\" target=\"_blank\" rel=\"noreferrer noopener\">PSG <\/a>ce dimanche soir (20 h 45) au Parc des Princes pour le compte de la 17e et derni\u00e8re journ\u00e9e de la phase aller de L1.<\/p>\n<p class=\"\">Apr\u00e8s sa confrontation contre le Champion d\u2019Europe en titre, le Paris FC retrouvera l\u2019\u00e9quipe de Luis Enrique au m\u00eame endroit le lundi 12 janvier en 16es de finale de la Coupe de France avant d\u2019affronter le FC Nantes (17e) \u00e0 la Beaujoire (18 janvier) puis Angers (10e) au stade Jean-Bouin (25 janvier), deux concurrents directs au maintien. D\u2019ici l\u00e0, il pourra peut-\u00eatre b\u00e9n\u00e9ficier de renforts lors du mercato hivernal (qui d\u00e9marre le 1er janvier) lors duquel il devrait se montrer actif dans quasiment tous les secteurs du jeu.<\/p>\n","protected":false},"excerpt":{"rendered":"C\u2019est reparti pour le promu parisien. Apr\u00e8s une fin d\u2019ann\u00e9e marqu\u00e9e par une s\u00e9rie de r\u00e9sultats n\u00e9gatifs en&hellip;\n","protected":false},"author":2,"featured_media":630661,"comment_status":"","ping_status":"","sticky":false,"template":"","format":"standard","meta":{"footnotes":""},"categories":[1888],"tags":[1111,1928,11,1927,1777,674,63,1011,27,12,1926,626,445,1925,25,60],"class_list":{"0":"post-630660","1":"post","2":"type-post","3":"status-publish","4":"format-standard","5":"has-post-thumbnail","7":"category-paris","8":"tag-actu","9":"tag-actu-paris","10":"tag-actualites","11":"tag-actualites-paris","12":"tag-eu","13":"tag-europe","14":"tag-football","15":"tag-fr","16":"tag-france","17":"tag-news","18":"tag-news-paris","19":"tag-paris","20":"tag-paris-fc","21":"tag-paris-news","22":"tag-republique-francaise","23":"tag-sports"},"share_on_mastodon":{"url":"https:\/\/pubeurope.com\/@fr\/115810538927087179","error":""},"_links":{"self":[{"href":"https:\/\/www.europesays.com\/fr\/wp-json\/wp\/v2\/posts\/630660","targetHints":{"allow":["GET"]}}],"collection":[{"href":"https:\/\/www.europesays.com\/fr\/wp-json\/wp\/v2\/posts"}],"about":[{"href":"https:\/\/www.europesays.com\/fr\/wp-json\/wp\/v2\/types\/post"}],"author":[{"embeddable":true,"href":"https:\/\/www.europesays.com\/fr\/wp-json\/wp\/v2\/users\/2"}],"replies":[{"embeddable":true,"href":"https:\/\/www.europesays.com\/fr\/wp-json\/wp\/v2\/comments?post=630660"}],"version-history":[{"count":0,"href":"https:\/\/www.europesays.com\/fr\/wp-json\/wp\/v2\/posts\/630660\/revisions"}],"wp:featuredmedia":[{"embeddable":true,"href":"https:\/\/www.europesays.com\/fr\/wp-json\/wp\/v2\/media\/630661"}],"wp:attachment":[{"href":"https:\/\/www.europesays.com\/fr\/wp-json\/wp\/v2\/media?parent=630660"}],"wp:term":[{"taxonomy":"category","embeddable":true,"href":"https:\/\/www.europesays.com\/fr\/wp-json\/wp\/v2\/categories?post=630660"},{"taxonomy":"post_tag","embeddable":true,"href":"https:\/\/www.europesays.com\/fr\/wp-json\/wp\/v2\/tags?post=630660"}],"curies":[{"name":"wp","href":"https:\/\/api.w.org\/{rel}","templated":true}]}}