{"id":630668,"date":"2025-12-30T21:05:15","date_gmt":"2025-12-30T21:05:15","guid":{"rendered":"https:\/\/www.europesays.com\/fr\/630668\/"},"modified":"2025-12-30T21:05:15","modified_gmt":"2025-12-30T21:05:15","slug":"guerre-en-ukraine-les-russes-soutiennent-ils-encore-vladimir-poutine","status":"publish","type":"post","link":"https:\/\/www.europesays.com\/fr\/630668\/","title":{"rendered":"Guerre en Ukraine: les Russes soutiennent-ils encore Vladimir Poutine?"},"content":{"rendered":"<p>Il appara\u00eet pourtant que cette lecture r\u00e9siste de moins en moins \u00e0 l\u2019examen sur le terrain, note Forbes.<\/p>\n<p>25\u00a0% pour la poursuite des combats<\/p>\n<p>Bien s\u00fbr, \u00e9valuer l\u2019opinion publique en Russie est un exercice d\u00e9licat, tant le durcissement autoritaire du r\u00e9gime p\u00e8se sur les instituts de sondage et les personnes interrog\u00e9es. M\u00eame le Centre Levada, r\u00e9f\u00e9rence en la mati\u00e8re, op\u00e8re dans un cadre \u00e9troit, balis\u00e9 par des lignes rouges informelles fix\u00e9es par le Kremlin. Dans ces conditions, chaque publication est scrut\u00e9e avec attention\u00a0: si elle voit le jour, c\u2019est qu\u2019elle refl\u00e8te des opinions suffisamment r\u00e9pandues dans les cercles du pouvoir pour ne pas \u00eatre ignor\u00e9es, y compris au sommet de l\u2019\u00c9tat.<\/p>\n<p>Les r\u00e9sultats d&rsquo;un sondage national men\u00e9 \u00e0 la mi-d\u00e9cembre aupr\u00e8s d\u2019environ 1\u00a0600 personnes dessinent un paysage contrast\u00e9. Le soutien aux forces arm\u00e9es russes demeure \u00e9lev\u00e9, atteignant 73\u00a0% selon Levada, malgr\u00e9 les m\u00e9thodes de guerre brutales et les destructions massives observ\u00e9es en <a href=\"https:\/\/www.geo.fr\/geopolitique\/l-offensive-hivernale-russe-en-ukraine-de-nouveau-plombee-par-la-logistique-230208\" target=\"_blank\" rel=\"noopener\">Ukraine<\/a>. <a href=\"https:\/\/www.geo.fr\/geopolitique\/le-regime-de-vladimir-poutine-repose-sur-des-dynasties-dirigeantes-selon-une-enquete-229442\" target=\"_blank\" rel=\"noopener\">Vladimir Poutine <\/a>conserve \u00e9galement une assise personnelle solide\u00a0: 52\u00a0% des Russes interrog\u00e9s disent encore approuver son action dans la conduite du conflit. Des chiffres traduisent la persistance d\u2019une loyaut\u00e9 institutionnelle.<\/p>\n<p>Mais plus important\u00a0: le Centre Levada indique que seuls 25 % des r\u00e9pondants souhaitent la poursuite des hostilit\u00e9s plut\u00f4t qu\u2019un r\u00e8glement n\u00e9goci\u00e9, un niveau historiquement bas depuis le d\u00e9but de l\u2019invasion. \u00c0 l\u2019inverse, 66 % des personnes interrog\u00e9es se disent d\u00e9sormais favorables \u00e0 l\u2019ouverture imm\u00e9diate de n\u00e9gociations de paix, signe d\u2019un basculement progressif des attentes face \u00e0 une guerre devenue longue, \u00e9prouvante et sans horizon clairement d\u00e9fini.<\/p>\n<p>Le conflit p\u00e8se financi\u00e8rement sur les Russes<\/p>\n<p>En parall\u00e8le, un autre mouvement voit le jour. \u00c0 mesure que les sanctions occidentales p\u00e8sent sur l\u2019\u00e9conomie, que l\u2019<a href=\"https:\/\/www.geo.fr\/geopolitique\/officiellement-l-inflation-en-russie-ralentit-les-pommes-de-terre-racontent-une-autre-histoire-227019\" target=\"_blank\" rel=\"noopener\">inflation<\/a> rogne le pouvoir d\u2019achat et que les pertes humaines s\u2019accumulent, une part croissante de la population semble r\u00e9\u00e9valuer le rapport co\u00fbt-b\u00e9n\u00e9fice de l\u2019intervention militaire. Sans contester frontalement le pouvoir, de nombreux Russes expriment une fatigue face \u00e0 un conflit dont les promesses initiales de gains rapides et d\u00e9cisifs se sont dissip\u00e9es.<\/p>\n<p>La pression ext\u00e9rieure joue ici un r\u00f4le central. Un affaiblissement per\u00e7u de la d\u00e9termination occidentale pourrait renforcer la posture du pouvoir russe et marginaliser les voix favorables \u00e0 une d\u00e9sescalade. \u00c0 l\u2019inverse, le maintien de sanctions et d\u2019un soutien appuy\u00e9 \u00e0 l\u2019Ukraine rend plus visibles, pour la population russe, les co\u00fbts concrets de l\u2019aventure militaire, accentuant les doutes d\u00e9j\u00e0 pr\u00e9sents. Dans un syst\u00e8me politique o\u00f9 l\u2019opinion publique ne d\u00e9termine pas directement les choix strat\u00e9giques, cette \u00e9rosion n\u2019en demeure pas moins significative.<\/p>\n<p>La suite est r\u00e9serv\u00e9e aux abonn\u00e9s<\/p>\n<p>\n            Abonnez-vous \u00e0 GEO<br \/>\n                            \u00c0 partir de 4,70\u20ac\/mois\n                    <\/p>\n<ul>\n<li>Acc\u00e8s aux articles r\u00e9serv\u00e9s aux abonn\u00e9s sur le site et l\u2019appli<\/li>\n<li>Le magazine et ses hors-s\u00e9ries en version num\u00e9rique <\/li>\n<li>15 ans d\u2019archives num\u00e9ris\u00e9es du magazine GEO<\/li>\n<li>Lecture zen avec publicit\u00e9 limit\u00e9e<\/li>\n<li>Sans engagement<\/li>\n<\/ul>\n<p>\n            D\u00e9j\u00e0 abonn\u00e9 ?<\/p>\n<p>                Je me connecte<\/p>\n","protected":false},"excerpt":{"rendered":"Il appara\u00eet pourtant que cette lecture r\u00e9siste de moins en moins \u00e0 l\u2019examen sur le terrain, note Forbes.&hellip;\n","protected":false},"author":2,"featured_media":630669,"comment_status":"","ping_status":"","sticky":false,"template":"","format":"standard","meta":{"footnotes":""},"categories":[1591],"tags":[10714,11,1924,9930,1887,131,12,1885,1886,132,7185],"class_list":{"0":"post-630668","1":"post","2":"type-post","3":"status-publish","4":"format-standard","5":"has-post-thumbnail","7":"category-russie","8":"tag-actu-russie","9":"tag-actualites","10":"tag-armement","11":"tag-armu00e9e","12":"tag-federation-de-russie","13":"tag-guerre-en-ukraine","14":"tag-news","15":"tag-russia","16":"tag-russian-federation","17":"tag-russie","18":"tag-sanctions"},"share_on_mastodon":{"url":"https:\/\/pubeurope.com\/@fr\/115810554585037301","error":""},"_links":{"self":[{"href":"https:\/\/www.europesays.com\/fr\/wp-json\/wp\/v2\/posts\/630668","targetHints":{"allow":["GET"]}}],"collection":[{"href":"https:\/\/www.europesays.com\/fr\/wp-json\/wp\/v2\/posts"}],"about":[{"href":"https:\/\/www.europesays.com\/fr\/wp-json\/wp\/v2\/types\/post"}],"author":[{"embeddable":true,"href":"https:\/\/www.europesays.com\/fr\/wp-json\/wp\/v2\/users\/2"}],"replies":[{"embeddable":true,"href":"https:\/\/www.europesays.com\/fr\/wp-json\/wp\/v2\/comments?post=630668"}],"version-history":[{"count":0,"href":"https:\/\/www.europesays.com\/fr\/wp-json\/wp\/v2\/posts\/630668\/revisions"}],"wp:featuredmedia":[{"embeddable":true,"href":"https:\/\/www.europesays.com\/fr\/wp-json\/wp\/v2\/media\/630669"}],"wp:attachment":[{"href":"https:\/\/www.europesays.com\/fr\/wp-json\/wp\/v2\/media?parent=630668"}],"wp:term":[{"taxonomy":"category","embeddable":true,"href":"https:\/\/www.europesays.com\/fr\/wp-json\/wp\/v2\/categories?post=630668"},{"taxonomy":"post_tag","embeddable":true,"href":"https:\/\/www.europesays.com\/fr\/wp-json\/wp\/v2\/tags?post=630668"}],"curies":[{"name":"wp","href":"https:\/\/api.w.org\/{rel}","templated":true}]}}