{"id":630672,"date":"2025-12-30T21:07:10","date_gmt":"2025-12-30T21:07:10","guid":{"rendered":"https:\/\/www.europesays.com\/fr\/630672\/"},"modified":"2025-12-30T21:07:10","modified_gmt":"2025-12-30T21:07:10","slug":"un-train-de-fret-deraille-et-provoque-une-fuite-de-soufre-fondu","status":"publish","type":"post","link":"https:\/\/www.europesays.com\/fr\/630672\/","title":{"rendered":"un train de fret d\u00e9raille et provoque une fuite de soufre fondu"},"content":{"rendered":"<p>\n    L\u2019accident, survenu mardi dans le Kentuck et impliquant 31 wagons, n\u2019a pas fait de bless\u00e9, a indiqu\u00e9 le ministre des Transports Sean Duffy.<\/p>\n<p class=\"fig-paragraph\">Un train de fret a d\u00e9raill\u00e9 mardi dans l&rsquo;\u00c9tat du Kentucky, dans le centre-est des\u00a0<a href=\"http:\/\/www.lefigaro.fr\/conjoncture\/une-pente-dangereuse-interdit-de-visa-par-les-etats-unis-thierry-breton-appelle-l-ue-a-reagir-vite-20251230\" target=\"_blank\" data-fig-type=\"NewsFlash\" rel=\"noopener\" data-gtm-custom-categorie=\"navigation\" data-gtm-custom-action=\"crossclick\" data-gtm-custom-label=\"Contextuel\" data-gtm-event=\"customEventSPE\" data-fig-domain=\"LEFIGARO\">\u00c9tats-Unis<\/a>, provoquant une fuite de soufre fondu a annonc\u00e9 le ministre des Transports Sean Duffy, ne faisant \u00e9tat d&rsquo;aucun bless\u00e9 \u00e0 ce stade. Mardi, un train a d\u00e9raill\u00e9 pr\u00e8s de la fronti\u00e8re avec le Tennessee et \u00ab31 wagons sont impliqu\u00e9s\u00bb, a pr\u00e9cis\u00e9 le ministre sur X. \u00abUn wagon a laiss\u00e9 \u00e9chapper du soufre fondu dans l&rsquo;air\u00bb, a-t-il ajout\u00e9, affirmant qu&rsquo;aucun bless\u00e9 n&rsquo;\u00e9tait \u00e0 d\u00e9plorer.<\/p>\n<p class=\"fig-paragraph\">Selon la radio locale WEKT, quatre personnes se trouvaient \u00e0 bord du train lors du d\u00e9raillement. Des images a\u00e9riennes du lieu montrent plusieurs wagons couch\u00e9s sur le flanc et des marchandises r\u00e9pandues dans un champ aux alentours. Le gouverneur du Kentucky, Andy Beshear, a affirm\u00e9 sur X que les autorit\u00e9s locales avaient ordonn\u00e9 un confinement pour la ville de Trenton. Il a depuis \u00e9t\u00e9 lev\u00e9, selon des m\u00e9dias locaux.<\/p>\n<p>                                            <a class=\"fig-a11y-skip\" href=\"#fig-a11y-skip-main-inarticle\" data-module=\"a11y-skip\" data-context=\"was @visible\"><br \/>\n    Passer la publicit\u00e9<br \/>\n<\/a>            <\/p>\n<p class=\"fig-paragraph\">Le directeur des services d&rsquo;urgence du comt\u00e9 de Todd, Ash Groves, a d\u00e9clar\u00e9 \u00e0 la radio WEKT qu&rsquo;un wagon avait pris feu et qu&rsquo;un autre \u00e9tait \u00abendommag\u00e9\u00bb. Tous deux transportaient du soufre fondu. Il a ajout\u00e9 qu&rsquo;une \u00e9quipe sp\u00e9cialis\u00e9e \u00e9tait sur place.<\/p>\n","protected":false},"excerpt":{"rendered":"L\u2019accident, survenu mardi dans le Kentuck et impliquant 31 wagons, n\u2019a pas fait de bless\u00e9, a indiqu\u00e9 le&hellip;\n","protected":false},"author":2,"featured_media":630673,"comment_status":"","ping_status":"","sticky":false,"template":"","format":"standard","meta":{"footnotes":""},"categories":[1589],"tags":[11,73,1866,12,926,1864,1865,1863,308],"class_list":{"0":"post-630672","1":"post","2":"type-post","3":"status-publish","4":"format-standard","5":"has-post-thumbnail","7":"category-etats-unis","8":"tag-actualites","9":"tag-etats-unis","10":"tag-etats-unis-damerique","11":"tag-news","12":"tag-train","13":"tag-united-states","14":"tag-united-states-of-america","15":"tag-us","16":"tag-usa"},"share_on_mastodon":{"url":"https:\/\/pubeurope.com\/@fr\/115810562527974558","error":""},"_links":{"self":[{"href":"https:\/\/www.europesays.com\/fr\/wp-json\/wp\/v2\/posts\/630672","targetHints":{"allow":["GET"]}}],"collection":[{"href":"https:\/\/www.europesays.com\/fr\/wp-json\/wp\/v2\/posts"}],"about":[{"href":"https:\/\/www.europesays.com\/fr\/wp-json\/wp\/v2\/types\/post"}],"author":[{"embeddable":true,"href":"https:\/\/www.europesays.com\/fr\/wp-json\/wp\/v2\/users\/2"}],"replies":[{"embeddable":true,"href":"https:\/\/www.europesays.com\/fr\/wp-json\/wp\/v2\/comments?post=630672"}],"version-history":[{"count":0,"href":"https:\/\/www.europesays.com\/fr\/wp-json\/wp\/v2\/posts\/630672\/revisions"}],"wp:featuredmedia":[{"embeddable":true,"href":"https:\/\/www.europesays.com\/fr\/wp-json\/wp\/v2\/media\/630673"}],"wp:attachment":[{"href":"https:\/\/www.europesays.com\/fr\/wp-json\/wp\/v2\/media?parent=630672"}],"wp:term":[{"taxonomy":"category","embeddable":true,"href":"https:\/\/www.europesays.com\/fr\/wp-json\/wp\/v2\/categories?post=630672"},{"taxonomy":"post_tag","embeddable":true,"href":"https:\/\/www.europesays.com\/fr\/wp-json\/wp\/v2\/tags?post=630672"}],"curies":[{"name":"wp","href":"https:\/\/api.w.org\/{rel}","templated":true}]}}